{"id":184,"date":"2024-01-30T21:04:55","date_gmt":"2024-01-30T20:04:55","guid":{"rendered":"https:\/\/trend-setting.fr\/1a1fr1\/?p=184"},"modified":"2024-04-18T12:35:59","modified_gmt":"2024-04-18T10:35:59","slug":"la-tendance-du-layering","status":"publish","type":"post","link":"https:\/\/trend-setting.fr\/1a1fr1\/2024\/01\/30\/la-tendance-du-layering\/","title":{"rendered":"Article Mode Astrid"},"content":{"rendered":"\n[et_pb_section fb_built=\u00a0\u00bb1&Prime; _builder_version=\u00a0\u00bb4.23.1&Prime; _module_preset=\u00a0\u00bbdefault\u00a0\u00bb custom_padding=\u00a0\u00bb27px|||||\u00a0\u00bb global_colors_info=\u00a0\u00bb{}\u00a0\u00bb][\/et_pb_section][et_pb_section fb_built=\u00a0\u00bb1&Prime; _builder_version=\u00a0\u00bb4.23.1&Prime; _module_preset=\u00a0\u00bbdefault\u00a0\u00bb global_colors_info=\u00a0\u00bb{}\u00a0\u00bb][et_pb_row _builder_version=\u00a0\u00bb4.23.1&Prime; _module_preset=\u00a0\u00bbdefault\u00a0\u00bb global_colors_info=\u00a0\u00bb{}\u00a0\u00bb][et_pb_column type=\u00a0\u00bb4_4&Prime; _builder_version=\u00a0\u00bb4.23.1&Prime; _module_preset=\u00a0\u00bbdefault\u00a0\u00bb global_colors_info=\u00a0\u00bb{}\u00a0\u00bb][et_pb_image src=\u00a0\u00bbhttps:\/\/trend-setting.fr\/1a1fr1\/wp-content\/uploads\/sites\/2\/2024\/01\/Capture-decran-2024-01-09-112507.png\u00a0\u00bb title_text=\u00a0\u00bbCapture d&rsquo;\u00e9cran 2024-01-09 112507&Prime; align=\u00a0\u00bbcenter\u00a0\u00bb _builder_version=\u00a0\u00bb4.23.1&Prime; _module_preset=\u00a0\u00bbdefault\u00a0\u00bb width=\u00a0\u00bb100%\u00a0\u00bb custom_margin=\u00a0\u00bb-178px|399px|-47px|||\u00a0\u00bb custom_padding=\u00a0\u00bb||0px|||\u00a0\u00bb global_colors_info=\u00a0\u00bb{}\u00a0\u00bb][\/et_pb_image][et_pb_divider color=\u00a0\u00bb#000000&Prime; _builder_version=\u00a0\u00bb4.23.1&Prime; _module_preset=\u00a0\u00bbdefault\u00a0\u00bb global_colors_info=\u00a0\u00bb{}\u00a0\u00bb][\/et_pb_divider][\/et_pb_column][\/et_pb_row][et_pb_row _builder_version=\u00a0\u00bb4.23.1&Prime; _module_preset=\u00a0\u00bbdefault\u00a0\u00bb global_colors_info=\u00a0\u00bb{}\u00a0\u00bb][et_pb_column type=\u00a0\u00bb4_4&Prime; _builder_version=\u00a0\u00bb4.23.1&Prime; _module_preset=\u00a0\u00bbdefault\u00a0\u00bb global_colors_info=\u00a0\u00bb{}\u00a0\u00bb][et_pb_text _builder_version=\u00a0\u00bb4.23.1&Prime; _module_preset=\u00a0\u00bbdefault\u00a0\u00bb custom_margin=\u00a0\u00bb-60px|||||\u00a0\u00bb custom_padding=\u00a0\u00bb||5px|||\u00a0\u00bb global_colors_info=\u00a0\u00bb{}\u00a0\u00bb]<p><strong><em>Publi\u00e9 le 24\/01\/2024 par Astrid HAEFELIN\u00a0<\/em><\/strong><\/p>[\/et_pb_text][\/et_pb_column][\/et_pb_row][et_pb_row column_structure=\u00a0\u00bb1_2,1_2&Prime; _builder_version=\u00a0\u00bb4.23.1&Prime; _module_preset=\u00a0\u00bbdefault\u00a0\u00bb min_height=\u00a0\u00bb515.3px\u00a0\u00bb custom_margin=\u00a0\u00bb-38px|auto||auto||\u00a0\u00bb global_colors_info=\u00a0\u00bb{}\u00a0\u00bb][et_pb_column type=\u00a0\u00bb1_2&Prime; _builder_version=\u00a0\u00bb4.23.1&Prime; _module_preset=\u00a0\u00bbdefault\u00a0\u00bb global_colors_info=\u00a0\u00bb{}\u00a0\u00bb][et_pb_text _builder_version=\u00a0\u00bb4.23.1&Prime; _module_preset=\u00a0\u00bbdefault\u00a0\u00bb hover_enabled=\u00a0\u00bb0&Prime; sticky_enabled=\u00a0\u00bb0&Prime;]<h1><strong>LE LAYERING : <\/strong><strong>La Tendance Mode de 2024 \u00e0 Adopter<\/strong><strong><\/strong><\/h1>\n<div>\n<p><span>En 2024, la mode prend une nouvelle dimension avec le retour en force du layering, cette technique de superposition qui permet non seulement d&rsquo;affronter les variations climatiques avec style, mais aussi de cr\u00e9er des looks uniques et personnalis\u00e9s. Vue sur les podiums de Paris \u00e0 Milan, cette tendance permet \u00e0 chacun de r\u00e9v\u00e9ler son style personnel tout en jouant avec textures, couleurs et formes.<\/span><\/p>\n<\/div>[\/et_pb_text][\/et_pb_column][et_pb_column type=\u00a0\u00bb1_2&Prime; _builder_version=\u00a0\u00bb4.23.1&Prime; _module_preset=\u00a0\u00bbdefault\u00a0\u00bb global_colors_info=\u00a0\u00bb{}\u00a0\u00bb][et_pb_image src=\u00a0\u00bbhttps:\/\/trend-setting.fr\/1a1fr1\/wp-content\/uploads\/sites\/2\/2024\/01\/layering.webp\u00a0\u00bb title_text=\u00a0\u00bblayering\u00a0\u00bb _builder_version=\u00a0\u00bb4.23.1&Prime; _module_preset=\u00a0\u00bbdefault\u00a0\u00bb min_height=\u00a0\u00bb212.3px\u00a0\u00bb custom_margin=\u00a0\u00bb28px|-33px||||\u00a0\u00bb custom_padding=\u00a0\u00bb0px||60px|0px||\u00a0\u00bb global_colors_info=\u00a0\u00bb{}\u00a0\u00bb][\/et_pb_image][et_pb_divider color=\u00a0\u00bb#000000&Prime; _builder_version=\u00a0\u00bb4.23.1&Prime; _module_preset=\u00a0\u00bbdefault\u00a0\u00bb custom_margin=\u00a0\u00bb|-28px||||\u00a0\u00bb global_colors_info=\u00a0\u00bb{}\u00a0\u00bb][\/et_pb_divider][\/et_pb_column][\/et_pb_row][et_pb_row _builder_version=\u00a0\u00bb4.23.1&Prime; _module_preset=\u00a0\u00bbdefault\u00a0\u00bb global_colors_info=\u00a0\u00bb{}\u00a0\u00bb][et_pb_column type=\u00a0\u00bb4_4&Prime; _builder_version=\u00a0\u00bb4.23.1&Prime; _module_preset=\u00a0\u00bbdefault\u00a0\u00bb global_colors_info=\u00a0\u00bb{}\u00a0\u00bb][et_pb_text _builder_version=\u00a0\u00bb4.23.1&Prime; _module_preset=\u00a0\u00bbdefault\u00a0\u00bb hover_enabled=\u00a0\u00bb0&Prime; sticky_enabled=\u00a0\u00bb0&Prime;]<div>\n<h3><strong>L&rsquo;Origine du Layering<\/strong><\/h3>\n<\/div>\n<div>\n<p><span>Le layering, ou l&rsquo;art de la superposition, n&rsquo;est pas une nouveaut\u00e9 en soi. Il puise ses racines dans des pratiques culturelles diverses, du kimono japonais aux tenues traditionnelles scandinaves. En 2024, il r\u00e9appara\u00eet sur les sc\u00e8nes de la haute couture, o\u00f9 designers et stylistes le r\u00e9inventent, le transformant en un incontournable de la garde-robe moderne.<\/span><\/p>\n<\/div>[\/et_pb_text][\/et_pb_column][\/et_pb_row][\/et_pb_section][et_pb_section fb_built=\u00a0\u00bb1&Prime; _builder_version=\u00a0\u00bb4.23.1&Prime; _module_preset=\u00a0\u00bbdefault\u00a0\u00bb custom_margin=\u00a0\u00bb||-64px|||\u00a0\u00bb global_colors_info=\u00a0\u00bb{}\u00a0\u00bb][et_pb_row column_structure=\u00a0\u00bb2_5,3_5&Prime; _builder_version=\u00a0\u00bb4.23.1&Prime; _module_preset=\u00a0\u00bbdefault\u00a0\u00bb global_colors_info=\u00a0\u00bb{}\u00a0\u00bb][et_pb_column type=\u00a0\u00bb2_5&Prime; _builder_version=\u00a0\u00bb4.23.1&Prime; _module_preset=\u00a0\u00bbdefault\u00a0\u00bb global_colors_info=\u00a0\u00bb{}\u00a0\u00bb][et_pb_image src=\u00a0\u00bbhttps:\/\/trend-setting.fr\/1a1fr1\/wp-content\/uploads\/sites\/2\/2024\/01\/image-removebg-preview-2024-01-24T111831.051.png\u00a0\u00bb title_text=\u00a0\u00bbimage-removebg-preview &#8211; 2024-01-24T111831.051&Prime; _builder_version=\u00a0\u00bb4.23.1&Prime; _module_preset=\u00a0\u00bbdefault\u00a0\u00bb width=\u00a0\u00bb100%\u00a0\u00bb min_height=\u00a0\u00bb398.2px\u00a0\u00bb custom_margin=\u00a0\u00bb||3px|||\u00a0\u00bb custom_padding=\u00a0\u00bb|0px|60px|23px||\u00a0\u00bb global_colors_info=\u00a0\u00bb{}\u00a0\u00bb][\/et_pb_image][\/et_pb_column][et_pb_column type=\u00a0\u00bb3_5&Prime; _builder_version=\u00a0\u00bb4.23.1&Prime; _module_preset=\u00a0\u00bbdefault\u00a0\u00bb global_colors_info=\u00a0\u00bb{}\u00a0\u00bb][et_pb_text _builder_version=\u00a0\u00bb4.23.1&Prime; _module_preset=\u00a0\u00bbdefault\u00a0\u00bb hover_enabled=\u00a0\u00bb0&Prime; sticky_enabled=\u00a0\u00bb0&Prime;]<p>Your content goes here. Edit or remove this text inline or in the module Content settings. You can also style every aspect of this content in the module Design settings and even apply custom CSS to this text in the module Advanced settings.<\/p>[\/et_pb_text][\/et_pb_column][\/et_pb_row][\/et_pb_section][et_pb_section fb_built=\u00a0\u00bb1&Prime; _builder_version=\u00a0\u00bb4.23.1&Prime; _module_preset=\u00a0\u00bbdefault\u00a0\u00bb custom_padding=\u00a0\u00bb4px|||||\u00a0\u00bb global_colors_info=\u00a0\u00bb{}\u00a0\u00bb][et_pb_row _builder_version=\u00a0\u00bb4.23.1&Prime; _module_preset=\u00a0\u00bbdefault\u00a0\u00bb custom_padding=\u00a0\u00bb6px|||||\u00a0\u00bb global_colors_info=\u00a0\u00bb{}\u00a0\u00bb][et_pb_column type=\u00a0\u00bb4_4&Prime; _builder_version=\u00a0\u00bb4.23.1&Prime; _module_preset=\u00a0\u00bbdefault\u00a0\u00bb global_colors_info=\u00a0\u00bb{}\u00a0\u00bb][et_pb_image src=\u00a0\u00bbhttps:\/\/trend-setting.fr\/1a1fr1\/wp-content\/uploads\/sites\/2\/2024\/01\/00-social-layering-trends.webp\u00a0\u00bb title_text=\u00a0\u00bb00-social-layering-trends\u00a0\u00bb _builder_version=\u00a0\u00bb4.23.1&Prime; _module_preset=\u00a0\u00bbdefault\u00a0\u00bb global_colors_info=\u00a0\u00bb{}\u00a0\u00bb][\/et_pb_image][\/et_pb_column][\/et_pb_row][et_pb_row _builder_version=\u00a0\u00bb4.23.1&Prime; _module_preset=\u00a0\u00bbdefault\u00a0\u00bb global_colors_info=\u00a0\u00bb{}\u00a0\u00bb][et_pb_column type=\u00a0\u00bb4_4&Prime; _builder_version=\u00a0\u00bb4.23.1&Prime; _module_preset=\u00a0\u00bbdefault\u00a0\u00bb global_colors_info=\u00a0\u00bb{}\u00a0\u00bb][et_pb_text _builder_version=\u00a0\u00bb4.23.1&Prime; _module_preset=\u00a0\u00bbdefault\u00a0\u00bb hover_enabled=\u00a0\u00bb0&Prime; sticky_enabled=\u00a0\u00bb0&Prime;]<div>\n<p><strong style=\"color: #333333;font-size: 22px\">O\u00f9 A-t-on Vu Cette Tendance?<\/strong><\/p>\n<p><span><\/span><\/p>\n<\/div>\n<div>\n<p>Le layering a \u00e9t\u00e9 omnipr\u00e9sent dans les d\u00e9fil\u00e9s de la saison. On l&rsquo;a vu chez des designers comme Gucci, o\u00f9 le m\u00e9lange des genres et des \u00e9poques a donn\u00e9 lieu \u00e0 des superpositions audacieuses. Chez Balenciaga, le layering se fait plus structur\u00e9, avec des silhouettes oversize superpos\u00e9es pour un effet dramatique. M\u00eame les marques plus minimalistes, comme Celine, ont adopt\u00e9 cette tendance, en proposant des superpositions plus subtiles mais tout aussi chic.<br \/><span><\/span><\/p>\n<\/div>\n<div>\n<p><span><\/span><\/p>\n<p><span><\/span><\/p>\n<p><span><\/span><\/p>\n<\/div>\n<div>\n<h3><strong>Pourquoi le Layering Est Plus qu&rsquo;une Tendance?<\/strong><\/h3>\n<\/div>\n<div>\n<p><span>Le layering n&rsquo;est pas seulement une question de style; c&rsquo;est aussi une approche pratique et durable de la mode. En permettant de multiples combinaisons avec un nombre limit\u00e9 de pi\u00e8ces, il encourage une consommation de mode plus r\u00e9fl\u00e9chie et responsable. De plus, cette technique permet d&rsquo;adapter sa tenue aux changements de temps, ce qui est particuli\u00e8rement pertinent dans un contexte de changements climatiques.<\/span><\/p>\n<p><span><\/span><\/p>\n<p><span><\/span><\/p>\n<\/div>\n<div>\n<h3><strong>FINALEMENT, <\/strong><\/h3>\n<\/div>\n<div>\n<p>Le layering, bien plus qu&rsquo;une tendance de 2024, est une c\u00e9l\u00e9bration de la cr\u00e9ativit\u00e9 et une approche durable de la mode. Il encourage chacun \u00e0 exp\u00e9rimenter avec audace en superposant des v\u00eatements pour cr\u00e9er des styles uniques. Envisagez vos tenues comme un terrain de jeu pour l&rsquo;expression personnelle, o\u00f9 m\u00e9langer et assortir devient un moyen joyeux et r\u00e9fl\u00e9chi de red\u00e9finir votre style.<\/p>\n<p>Le layering n&rsquo;est pas juste une mode, c&rsquo;est une invitation \u00e0 repenser la fa\u00e7on dont nous nous habillons alors amusez-vous !<\/p>\n<\/div>[\/et_pb_text][et_pb_image src=\u00a0\u00bbhttps:\/\/trend-setting.fr\/1a1fr1\/wp-content\/uploads\/sites\/2\/2024\/01\/Capture-decran-2024-01-09-112507.png\u00a0\u00bb title_text=\u00a0\u00bbCapture d&rsquo;\u00e9cran 2024-01-09 112507&Prime; align=\u00a0\u00bbcenter\u00a0\u00bb _builder_version=\u00a0\u00bb4.23.1&Prime; _module_preset=\u00a0\u00bbdefault\u00a0\u00bb background_color=\u00a0\u00bb#FFFFFF\u00a0\u00bb custom_margin=\u00a0\u00bb-73px|||||\u00a0\u00bb global_colors_info=\u00a0\u00bb{}\u00a0\u00bb][\/et_pb_image][\/et_pb_column][\/et_pb_row][\/et_pb_section]\n","protected":false},"excerpt":{"rendered":"<p>Publi\u00e9 le 24\/01\/2024 par Astrid HAEFELIN\u00a0LE LAYERING : La Tendance Mode de 2024 \u00e0 Adopter En 2024, la mode prend une nouvelle dimension avec le retour en force du layering, cette technique de superposition qui permet non seulement d&rsquo;affronter les variations climatiques avec style, mais aussi de cr\u00e9er des looks uniques et personnalis\u00e9s. Vue sur [&hellip;]<\/p>\n","protected":false},"author":5,"featured_media":0,"comment_status":"open","ping_status":"open","sticky":false,"template":"","format":"standard","meta":{"_et_pb_use_builder":"on","_et_pb_old_content":"","_et_gb_content_width":"","footnotes":""},"categories":[5],"tags":[],"yoast_head":"<!-- This site is optimized with the Yoast SEO plugin v22.3 - https:\/\/yoast.com\/wordpress\/plugins\/seo\/ -->\n<title>Article Mode Astrid - Groupe 1 2A1<\/title>\n<meta name=\"description\" content=\"La Tendance Mode de 2024 \u00e0 Adopter le layering, technique de superposition qui permet de cr\u00e9er des looks uniques et personnalis\u00e9s.\" \/>\n<meta name=\"robots\" content=\"index, follow, max-snippet:-1, max-image-preview:large, max-video-preview:-1\" \/>\n<link rel=\"canonical\" href=\"https:\/\/trend-setting.fr\/1a1fr1\/2024\/01\/30\/la-tendance-du-layering\/\" \/>\n<meta property=\"og:locale\" content=\"fr_FR\" \/>\n<meta property=\"og:type\" content=\"article\" \/>\n<meta property=\"og:title\" content=\"Article Mode Astrid - Groupe 1 2A1\" \/>\n<meta property=\"og:description\" content=\"La Tendance Mode de 2024 \u00e0 Adopter le layering, technique de superposition qui permet de cr\u00e9er des looks uniques et personnalis\u00e9s.\" \/>\n<meta property=\"og:url\" content=\"https:\/\/trend-setting.fr\/1a1fr1\/2024\/01\/30\/la-tendance-du-layering\/\" \/>\n<meta property=\"og:site_name\" content=\"Groupe 1 2A1\" \/>\n<meta property=\"article:published_time\" content=\"2024-01-30T20:04:55+00:00\" \/>\n<meta property=\"article:modified_time\" content=\"2024-04-18T10:35:59+00:00\" \/>\n<meta name=\"author\" content=\"Astrid Haefelin\" \/>\n<meta name=\"twitter:card\" content=\"summary_large_image\" \/>\n<meta name=\"twitter:label1\" content=\"\u00c9crit par\" \/>\n\t<meta name=\"twitter:data1\" content=\"Astrid Haefelin\" \/>\n\t<meta name=\"twitter:label2\" content=\"Dur\u00e9e de lecture estim\u00e9e\" \/>\n\t<meta name=\"twitter:data2\" content=\"4 minutes\" \/>\n<script type=\"application\/ld+json\" class=\"yoast-schema-graph\">{\"@context\":\"https:\/\/schema.org\",\"@graph\":[{\"@type\":\"WebPage\",\"@id\":\"https:\/\/trend-setting.fr\/1a1fr1\/2024\/01\/30\/la-tendance-du-layering\/\",\"url\":\"https:\/\/trend-setting.fr\/1a1fr1\/2024\/01\/30\/la-tendance-du-layering\/\",\"name\":\"Article Mode Astrid - Groupe 1 2A1\",\"isPartOf\":{\"@id\":\"https:\/\/trend-setting.fr\/1a1fr1\/#website\"},\"datePublished\":\"2024-01-30T20:04:55+00:00\",\"dateModified\":\"2024-04-18T10:35:59+00:00\",\"author\":{\"@id\":\"https:\/\/trend-setting.fr\/1a1fr1\/#\/schema\/person\/1fcbef2effd70f86bf63ec2bb6b97537\"},\"description\":\"La Tendance Mode de 2024 \u00e0 Adopter le layering, technique de superposition qui permet de cr\u00e9er des looks uniques et personnalis\u00e9s.\",\"breadcrumb\":{\"@id\":\"https:\/\/trend-setting.fr\/1a1fr1\/2024\/01\/30\/la-tendance-du-layering\/#breadcrumb\"},\"inLanguage\":\"fr-FR\",\"potentialAction\":[{\"@type\":\"ReadAction\",\"target\":[\"https:\/\/trend-setting.fr\/1a1fr1\/2024\/01\/30\/la-tendance-du-layering\/\"]}]},{\"@type\":\"BreadcrumbList\",\"@id\":\"https:\/\/trend-setting.fr\/1a1fr1\/2024\/01\/30\/la-tendance-du-layering\/#breadcrumb\",\"itemListElement\":[{\"@type\":\"ListItem\",\"position\":1,\"name\":\"Accueil\",\"item\":\"https:\/\/trend-setting.fr\/1a1fr1\/\"},{\"@type\":\"ListItem\",\"position\":2,\"name\":\"Article Mode Astrid\"}]},{\"@type\":\"WebSite\",\"@id\":\"https:\/\/trend-setting.fr\/1a1fr1\/#website\",\"url\":\"https:\/\/trend-setting.fr\/1a1fr1\/\",\"name\":\"Groupe 1 2A1\",\"description\":\"\",\"potentialAction\":[{\"@type\":\"SearchAction\",\"target\":{\"@type\":\"EntryPoint\",\"urlTemplate\":\"https:\/\/trend-setting.fr\/1a1fr1\/?s={search_term_string}\"},\"query-input\":\"required name=search_term_string\"}],\"inLanguage\":\"fr-FR\"},{\"@type\":\"Person\",\"@id\":\"https:\/\/trend-setting.fr\/1a1fr1\/#\/schema\/person\/1fcbef2effd70f86bf63ec2bb6b97537\",\"name\":\"Astrid Haefelin\",\"image\":{\"@type\":\"ImageObject\",\"inLanguage\":\"fr-FR\",\"@id\":\"https:\/\/trend-setting.fr\/1a1fr1\/#\/schema\/person\/image\/\",\"url\":\"https:\/\/secure.gravatar.com\/avatar\/d95137e411f3e0ba9537af49cb6a49e1?s=96&d=mm&r=g\",\"contentUrl\":\"https:\/\/secure.gravatar.com\/avatar\/d95137e411f3e0ba9537af49cb6a49e1?s=96&d=mm&r=g\",\"caption\":\"Astrid Haefelin\"},\"url\":\"https:\/\/trend-setting.fr\/1a1fr1\/author\/ahaefelin\/\"}]}<\/script>\n<!-- \/ Yoast SEO plugin. -->","yoast_head_json":{"title":"Article Mode Astrid - Groupe 1 2A1","description":"La Tendance Mode de 2024 \u00e0 Adopter le layering, technique de superposition qui permet de cr\u00e9er des looks uniques et personnalis\u00e9s.","robots":{"index":"index","follow":"follow","max-snippet":"max-snippet:-1","max-image-preview":"max-image-preview:large","max-video-preview":"max-video-preview:-1"},"canonical":"https:\/\/trend-setting.fr\/1a1fr1\/2024\/01\/30\/la-tendance-du-layering\/","og_locale":"fr_FR","og_type":"article","og_title":"Article Mode Astrid - Groupe 1 2A1","og_description":"La Tendance Mode de 2024 \u00e0 Adopter le layering, technique de superposition qui permet de cr\u00e9er des looks uniques et personnalis\u00e9s.","og_url":"https:\/\/trend-setting.fr\/1a1fr1\/2024\/01\/30\/la-tendance-du-layering\/","og_site_name":"Groupe 1 2A1","article_published_time":"2024-01-30T20:04:55+00:00","article_modified_time":"2024-04-18T10:35:59+00:00","author":"Astrid Haefelin","twitter_card":"summary_large_image","twitter_misc":{"\u00c9crit par":"Astrid Haefelin","Dur\u00e9e de lecture estim\u00e9e":"4 minutes"},"schema":{"@context":"https:\/\/schema.org","@graph":[{"@type":"WebPage","@id":"https:\/\/trend-setting.fr\/1a1fr1\/2024\/01\/30\/la-tendance-du-layering\/","url":"https:\/\/trend-setting.fr\/1a1fr1\/2024\/01\/30\/la-tendance-du-layering\/","name":"Article Mode Astrid - Groupe 1 2A1","isPartOf":{"@id":"https:\/\/trend-setting.fr\/1a1fr1\/#website"},"datePublished":"2024-01-30T20:04:55+00:00","dateModified":"2024-04-18T10:35:59+00:00","author":{"@id":"https:\/\/trend-setting.fr\/1a1fr1\/#\/schema\/person\/1fcbef2effd70f86bf63ec2bb6b97537"},"description":"La Tendance Mode de 2024 \u00e0 Adopter le layering, technique de superposition qui permet de cr\u00e9er des looks uniques et personnalis\u00e9s.","breadcrumb":{"@id":"https:\/\/trend-setting.fr\/1a1fr1\/2024\/01\/30\/la-tendance-du-layering\/#breadcrumb"},"inLanguage":"fr-FR","potentialAction":[{"@type":"ReadAction","target":["https:\/\/trend-setting.fr\/1a1fr1\/2024\/01\/30\/la-tendance-du-layering\/"]}]},{"@type":"BreadcrumbList","@id":"https:\/\/trend-setting.fr\/1a1fr1\/2024\/01\/30\/la-tendance-du-layering\/#breadcrumb","itemListElement":[{"@type":"ListItem","position":1,"name":"Accueil","item":"https:\/\/trend-setting.fr\/1a1fr1\/"},{"@type":"ListItem","position":2,"name":"Article Mode Astrid"}]},{"@type":"WebSite","@id":"https:\/\/trend-setting.fr\/1a1fr1\/#website","url":"https:\/\/trend-setting.fr\/1a1fr1\/","name":"Groupe 1 2A1","description":"","potentialAction":[{"@type":"SearchAction","target":{"@type":"EntryPoint","urlTemplate":"https:\/\/trend-setting.fr\/1a1fr1\/?s={search_term_string}"},"query-input":"required name=search_term_string"}],"inLanguage":"fr-FR"},{"@type":"Person","@id":"https:\/\/trend-setting.fr\/1a1fr1\/#\/schema\/person\/1fcbef2effd70f86bf63ec2bb6b97537","name":"Astrid Haefelin","image":{"@type":"ImageObject","inLanguage":"fr-FR","@id":"https:\/\/trend-setting.fr\/1a1fr1\/#\/schema\/person\/image\/","url":"https:\/\/secure.gravatar.com\/avatar\/d95137e411f3e0ba9537af49cb6a49e1?s=96&d=mm&r=g","contentUrl":"https:\/\/secure.gravatar.com\/avatar\/d95137e411f3e0ba9537af49cb6a49e1?s=96&d=mm&r=g","caption":"Astrid Haefelin"},"url":"https:\/\/trend-setting.fr\/1a1fr1\/author\/ahaefelin\/"}]}},"_links":{"self":[{"href":"https:\/\/trend-setting.fr\/1a1fr1\/wp-json\/wp\/v2\/posts\/184"}],"collection":[{"href":"https:\/\/trend-setting.fr\/1a1fr1\/wp-json\/wp\/v2\/posts"}],"about":[{"href":"https:\/\/trend-setting.fr\/1a1fr1\/wp-json\/wp\/v2\/types\/post"}],"author":[{"embeddable":true,"href":"https:\/\/trend-setting.fr\/1a1fr1\/wp-json\/wp\/v2\/users\/5"}],"replies":[{"embeddable":true,"href":"https:\/\/trend-setting.fr\/1a1fr1\/wp-json\/wp\/v2\/comments?post=184"}],"version-history":[{"count":14,"href":"https:\/\/trend-setting.fr\/1a1fr1\/wp-json\/wp\/v2\/posts\/184\/revisions"}],"predecessor-version":[{"id":751,"href":"https:\/\/trend-setting.fr\/1a1fr1\/wp-json\/wp\/v2\/posts\/184\/revisions\/751"}],"wp:attachment":[{"href":"https:\/\/trend-setting.fr\/1a1fr1\/wp-json\/wp\/v2\/media?parent=184"}],"wp:term":[{"taxonomy":"category","embeddable":true,"href":"https:\/\/trend-setting.fr\/1a1fr1\/wp-json\/wp\/v2\/categories?post=184"},{"taxonomy":"post_tag","embeddable":true,"href":"https:\/\/trend-setting.fr\/1a1fr1\/wp-json\/wp\/v2\/tags?post=184"}],"curies":[{"name":"wp","href":"https:\/\/api.w.org\/{rel}","templated":true}]}}