{"id":244,"date":"2024-02-20T19:31:21","date_gmt":"2024-02-20T18:31:21","guid":{"rendered":"https:\/\/trend-setting.fr\/2a1fr3\/?p=244"},"modified":"2024-04-17T00:27:42","modified_gmt":"2024-04-16T22:27:42","slug":"linfluence-intemporelle-du-bauhaus-quand-lart-destructure-seduit-toujours-le-monde-de-la-mode","status":"publish","type":"post","link":"https:\/\/trend-setting.fr\/2a1fr3\/linfluence-intemporelle-du-bauhaus-quand-lart-destructure-seduit-toujours-le-monde-de-la-mode\/","title":{"rendered":"L&rsquo;influence intemporelle du Bauhaus : quand l&rsquo;art d\u00e9structur\u00e9 s\u00e9duit toujours le monde de la mode."},"content":{"rendered":"\n[et_pb_section fb_built=\u00a0\u00bb1&Prime; _builder_version=\u00a0\u00bb4.23.1&Prime; _module_preset=\u00a0\u00bbdefault\u00a0\u00bb custom_padding=\u00a0\u00bb0px|||||\u00a0\u00bb global_colors_info=\u00a0\u00bb{}\u00a0\u00bb][et_pb_row _builder_version=\u00a0\u00bb4.23.1&Prime; _module_preset=\u00a0\u00bbdefault\u00a0\u00bb global_colors_info=\u00a0\u00bb{}\u00a0\u00bb][et_pb_column type=\u00a0\u00bb4_4&Prime; _builder_version=\u00a0\u00bb4.23.1&Prime; _module_preset=\u00a0\u00bbdefault\u00a0\u00bb global_colors_info=\u00a0\u00bb{}\u00a0\u00bb][et_pb_text _builder_version=\u00a0\u00bb4.23.1&Prime; _module_preset=\u00a0\u00bbdefault\u00a0\u00bb text_text_color=\u00a0\u00bb#000000&Prime; min_height=\u00a0\u00bb20px\u00a0\u00bb custom_margin=\u00a0\u00bb-50px||1px|||\u00a0\u00bb custom_padding=\u00a0\u00bb32px|||||\u00a0\u00bb global_colors_info=\u00a0\u00bb{}\u00a0\u00bb]<p style=\"text-align: center\"><em>Le Bauhaus, aujourd&rsquo;hui lou\u00e9 comme l&rsquo;un des g\u00e9ants de l&rsquo;histoire de l&rsquo;architecture, de l&rsquo;art et du design, a secou\u00e9 les fondements en fusionnant l&rsquo;art et l&rsquo;architecture, pr\u00f4nant la d\u00e9mocratisation. Bien plus qu&rsquo;un simple mouvement, le Bauhaus est une institution. Au-del\u00e0 d&rsquo;une simple \u00e9cole, c&rsquo;est une essence, une r\u00e9volution incarn\u00e9e. Ce mouvement inspire encore les diff\u00e9rentes industries cr\u00e9atives, passant par l\u2019architecture, le graphisme mais \u00e9galement la mode. Mais qu\u2019est-ce que le Bauhaus ? et comment un mouvement architectural peut-il toujours se refl\u00e9ter dans le monde de la mode ? <\/em><\/p>[\/et_pb_text][et_pb_image src=\u00a0\u00bbhttps:\/\/trend-setting.fr\/2a1fr3\/wp-content\/uploads\/sites\/4\/2024\/01\/Bauhaus-eye-poster-30&#215;40-cm-2.jpeg\u00a0\u00bb alt=\u00a0\u00bbLe Bauhaus\u00a0\u00bb title_text=\u00a0\u00bbBauhaus eye poster &#8211; 30&#215;40 cm 2&Prime; _builder_version=\u00a0\u00bb4.23.1&Prime; _module_preset=\u00a0\u00bbdefault\u00a0\u00bb custom_padding=\u00a0\u00bb32px|||||\u00a0\u00bb global_colors_info=\u00a0\u00bb{}\u00a0\u00bb][\/et_pb_image][et_pb_text _builder_version=\u00a0\u00bb4.23.1&Prime; _module_preset=\u00a0\u00bbdefault\u00a0\u00bb text_font_size=\u00a0\u00bb12px\u00a0\u00bb min_height=\u00a0\u00bb37.8px\u00a0\u00bb custom_margin=\u00a0\u00bb-30px||-39px|||\u00a0\u00bb global_colors_info=\u00a0\u00bb{}\u00a0\u00bb]<p>Illustration graphique inspir\u00e9 du mouvement artistique Bauhaus.<\/p>[\/et_pb_text][\/et_pb_column][\/et_pb_row][\/et_pb_section][et_pb_section fb_built=\u00a0\u00bb1&Prime; _builder_version=\u00a0\u00bb4.23.1&Prime; _module_preset=\u00a0\u00bbdefault\u00a0\u00bb global_colors_info=\u00a0\u00bb{}\u00a0\u00bb][et_pb_row column_structure=\u00a0\u00bb1_2,1_2&Prime; _builder_version=\u00a0\u00bb4.23.1&Prime; _module_preset=\u00a0\u00bbdefault\u00a0\u00bb global_colors_info=\u00a0\u00bb{}\u00a0\u00bb][et_pb_column type=\u00a0\u00bb1_2&Prime; _builder_version=\u00a0\u00bb4.23.1&Prime; _module_preset=\u00a0\u00bbdefault\u00a0\u00bb global_colors_info=\u00a0\u00bb{}\u00a0\u00bb][et_pb_text _builder_version=\u00a0\u00bb4.23.1&Prime; _module_preset=\u00a0\u00bbdefault\u00a0\u00bb global_colors_info=\u00a0\u00bb{}\u00a0\u00bb]<h2>Les racines du mouvement.<\/h2>[\/et_pb_text][et_pb_text _builder_version=\u00a0\u00bb4.23.1&Prime; _module_preset=\u00a0\u00bbdefault\u00a0\u00bb global_colors_info=\u00a0\u00bb{}\u00a0\u00bb]<p style=\"text-align: justify\">Le Bauhaus (maison de la construction en allemand), fond\u00e9 par Walter Gropius en 1919 est fond\u00e9 sur le principe d\u2019unification de l\u2019art et de l\u2019architecture. Con\u00e7u dans un contexte d\u2019apr\u00e8s-guerre, dans lequel l\u2019Allemagne est un pays ruin\u00e9, la population souffre d\u2019une p\u00e9riode de m\u00e9contentement et de crise \u00e9conomique. C\u2019est dans ce contexte que le Bauhaus s\u2019inscrit tel une aventure humaine\u00a0: 1287 \u00e9tudiants de 1919 \u00e0 1933. Et oui le Bauhaus est avant tout une \u00e9cole pluridisciplinaire avec l\u2019architecture comme discipline centrale. On y retrouve une vie communautaire avec des pratiques associ\u00e9s au quotidien, club de musique, de sport\u2026 Ils d\u00e9cident avec les \u00e9tudiants de cr\u00e9er des ateliers afin de produire des meubles, ces derniers trop on\u00e9reux \u00e0 l\u2019achat direct.<\/p>\n<p style=\"text-align: justify\">Ces ateliers, deviennent leurs sources de revenus, en permettant la commercialisation des id\u00e9es du Bauhaus. Ateliers d\u2019imprimerie, de r\u00e9clame et m\u00eame de typographie qui est l\u2019un des plus productif. \u00c9galement un atelier des m\u00e9taux, cr\u00e9\u00e9 en 1919, d\u2019o\u00f9 sortirons de nombreux objets devenus classiques. L&rsquo;essence du mouvement vient elle de l&rsquo;atelier de meuble, o\u00f9 l&rsquo;objectif est de r\u00e9pondre au besoin de la standardisation, c&rsquo;est \u00e0 dire produire des meubles adaptables, multifonctionnels et d\u00e9montables.\u00a0<\/p>[\/et_pb_text][\/et_pb_column][et_pb_column type=\u00a0\u00bb1_2&Prime; _builder_version=\u00a0\u00bb4.23.1&Prime; _module_preset=\u00a0\u00bbdefault\u00a0\u00bb global_colors_info=\u00a0\u00bb{}\u00a0\u00bb][et_pb_image src=\u00a0\u00bbhttps:\/\/trend-setting.fr\/2a1fr3\/wp-content\/uploads\/sites\/4\/2024\/01\/Capture-decran-2024-02-09-a-12.29.50.png\u00a0\u00bb title_text=\u00a0\u00bbCapture d\u2019e\u0301cran 2024-02-09 a\u0300 12.29.50&Prime; align=\u00a0\u00bbcenter\u00a0\u00bb _builder_version=\u00a0\u00bb4.23.1&Prime; _module_preset=\u00a0\u00bbdefault\u00a0\u00bb width=\u00a0\u00bb86.5%\u00a0\u00bb min_height=\u00a0\u00bb590.4px\u00a0\u00bb custom_margin=\u00a0\u00bb56px|28px|14px|||\u00a0\u00bb custom_padding=\u00a0\u00bb||0px||false|false\u00a0\u00bb hover_enabled=\u00a0\u00bb0&Prime; global_colors_info=\u00a0\u00bb{}\u00a0\u00bb alt=\u00a0\u00bbLe Bauhaus\u00a0\u00bb sticky_enabled=\u00a0\u00bb0&Prime;][\/et_pb_image][et_pb_text _builder_version=\u00a0\u00bb4.23.1&Prime; _module_preset=\u00a0\u00bbdefault\u00a0\u00bb text_font_size=\u00a0\u00bb12px\u00a0\u00bb custom_margin=\u00a0\u00bb-16px||0px|20px|false|false\u00a0\u00bb custom_padding=\u00a0\u00bb||0px||false|false\u00a0\u00bb global_colors_info=\u00a0\u00bb{}\u00a0\u00bb]<p><em>Facade du Bauhaus<\/em><\/p>[\/et_pb_text][\/et_pb_column][\/et_pb_row][\/et_pb_section][et_pb_section fb_built=\u00a0\u00bb1&Prime; _builder_version=\u00a0\u00bb4.23.1&Prime; _module_preset=\u00a0\u00bbdefault\u00a0\u00bb global_colors_info=\u00a0\u00bb{}\u00a0\u00bb][et_pb_row column_structure=\u00a0\u00bb1_2,1_2&Prime; _builder_version=\u00a0\u00bb4.23.1&Prime; _module_preset=\u00a0\u00bbdefault\u00a0\u00bb global_colors_info=\u00a0\u00bb{}\u00a0\u00bb][et_pb_column type=\u00a0\u00bb1_2&Prime; _builder_version=\u00a0\u00bb4.23.1&Prime; _module_preset=\u00a0\u00bbdefault\u00a0\u00bb global_colors_info=\u00a0\u00bb{}\u00a0\u00bb][et_pb_image src=\u00a0\u00bbhttps:\/\/trend-setting.fr\/2a1fr3\/wp-content\/uploads\/sites\/4\/2024\/01\/Bauhaus-vintage-slingleather-chairs-by-Mart-Stam-for-Fasem-Italy.jpeg\u00a0\u00bb title_text=\u00a0\u00bbBauhaus vintage slingleather chairs by Mart Stam for Fasem, Italy\u00a0\u00bb _builder_version=\u00a0\u00bb4.23.1&Prime; _module_preset=\u00a0\u00bbdefault\u00a0\u00bb min_height=\u00a0\u00bb358.3px\u00a0\u00bb custom_margin=\u00a0\u00bb79px|||||\u00a0\u00bb hover_enabled=\u00a0\u00bb0&Prime; global_colors_info=\u00a0\u00bb{}\u00a0\u00bb alt=\u00a0\u00bbLe Bauhaus\u00a0\u00bb sticky_enabled=\u00a0\u00bb0&Prime;][\/et_pb_image][et_pb_text _builder_version=\u00a0\u00bb4.23.1&Prime; _module_preset=\u00a0\u00bbdefault\u00a0\u00bb text_font_size=\u00a0\u00bb12px\u00a0\u00bb custom_margin=\u00a0\u00bb-28px|||||\u00a0\u00bb global_colors_info=\u00a0\u00bb{}\u00a0\u00bb]<p><em>Chaises porte \u00e0 faux de Mart Stam<\/em><\/p>[\/et_pb_text][\/et_pb_column][et_pb_column type=\u00a0\u00bb1_2&Prime; _builder_version=\u00a0\u00bb4.23.1&Prime; _module_preset=\u00a0\u00bbdefault\u00a0\u00bb global_colors_info=\u00a0\u00bb{}\u00a0\u00bb][et_pb_text _builder_version=\u00a0\u00bb4.23.1&Prime; _module_preset=\u00a0\u00bbdefault\u00a0\u00bb global_colors_info=\u00a0\u00bb{}\u00a0\u00bb]<h2>Les classiques red\u00e9finissant les fronti\u00e8res cr\u00e9atives.<\/h2>[\/et_pb_text][et_pb_text _builder_version=\u00a0\u00bb4.23.1&Prime; _module_preset=\u00a0\u00bbdefault\u00a0\u00bb min_height=\u00a0\u00bb185.2px\u00a0\u00bb custom_margin=\u00a0\u00bb8px|||||\u00a0\u00bb global_colors_info=\u00a0\u00bb{}\u00a0\u00bb]<p style=\"text-align: justify\">Du Bauhaus sortiront de nombreux objets devenus des classiques&#8230; Passant de la th\u00e9i\u00e8re de Marianne Brandt en 1924, \u00e0 sa lampe Kandem en 1926 qui s\u2019empreignent de codes avant-gardistes de l\u2019\u00e9poque, et de l\u2019expressionnisme \u00e0 l\u2019art populaire, ainsi qu&rsquo;\u00e0 la lampe de table Wilhelm Wagenfeld pour ce qui concerne l&rsquo;atelier des m\u00e9taux. \u00c0 l&rsquo;atelier des meubles on retrouve la fameuse chaise en porte \u00e0 faux (1926) de Marte Stam qui r\u00e9ussit pour la premi\u00e8re fois \u00e0 \u00ab\u00a0mouler\u00a0\u00bb du m\u00e9tal. Quant \u00e0 l&rsquo;atelier VII, atelier textile, on y verra former Otti Berger ou encore Anni Albers.<\/p>\n<p>Toutes ces cr\u00e9ations, alliaient technique et esth\u00e9tique dans le but de b\u00e2tir un meilleure environnement quotidien pout l\u2019\u00eatre humain.<\/p>\n<p>&nbsp;<\/p>[\/et_pb_text][\/et_pb_column][\/et_pb_row][\/et_pb_section][et_pb_section fb_built=\u00a0\u00bb1&Prime; _builder_version=\u00a0\u00bb4.23.1&Prime; _module_preset=\u00a0\u00bbdefault\u00a0\u00bb global_colors_info=\u00a0\u00bb{}\u00a0\u00bb][et_pb_row column_structure=\u00a0\u00bb1_2,1_2&Prime; _builder_version=\u00a0\u00bb4.23.1&Prime; _module_preset=\u00a0\u00bbdefault\u00a0\u00bb global_colors_info=\u00a0\u00bb{}\u00a0\u00bb][et_pb_column type=\u00a0\u00bb1_2&Prime; _builder_version=\u00a0\u00bb4.23.1&Prime; _module_preset=\u00a0\u00bbdefault\u00a0\u00bb global_colors_info=\u00a0\u00bb{}\u00a0\u00bb][et_pb_text _builder_version=\u00a0\u00bb4.23.1&Prime; _module_preset=\u00a0\u00bbdefault\u00a0\u00bb global_colors_info=\u00a0\u00bb{}\u00a0\u00bb]<h2>Son reflet dans la mode.<\/h2>[\/et_pb_text][et_pb_text _builder_version=\u00a0\u00bb4.23.1&Prime; _module_preset=\u00a0\u00bbdefault\u00a0\u00bb global_colors_info=\u00a0\u00bb{}\u00a0\u00bb]<p style=\"text-align: justify\">Le lien entre le Bauhaus et la soci\u00e9t\u00e9, dans son ensemble, commence par son h\u00e9ritage. Cet h\u00e9ritage, parfois presque spirituel, aurait pu sembler se limiter aux domaines de l&rsquo;architecture et du mobilier. Cependant, le Bauhaus impacte \u00e9galement un tout autre domaine esth\u00e9tique : la mode.<\/p>\n<p style=\"text-align: justify\">Cette fusion des arts, fondement de l&rsquo;esprit Bauhaus, devient le r\u00eave de nombreux cr\u00e9ateurs. Ici, l&rsquo;accent est mis sur l&rsquo;essence des choses. Les silhouettes deviennent \u00e9pur\u00e9es, les couleurs primaires (blanc et noir) dominent, et les lignes sont nettes, pr\u00e9cises, \u00e0 l&rsquo;image de la collection automne-hiver 2019 de Jil Sander. Certains int\u00e8grent la philosophie Bauhaus dans la conception m\u00eame des v\u00eatements, tandis que d&rsquo;autres hissent leurs cr\u00e9ations comme un hommage \u00e0 cette \u00e9cole.<\/p>\n<p style=\"text-align: justify\">Le r\u00e9sultat ? Des visions presque surr\u00e9alistes chez des designers tels que Thom Brown ou Walter Van Beirendonck, o\u00f9 les figures se m\u00ealent \u00e0 des sph\u00e8res color\u00e9es ou \u00e0 des visages en mosa\u00efque. Cette source d&rsquo;inspiration touche \u00e9galement des marques plus haut de gamme comme COS, qui, pour sa premi\u00e8re ligne Archive Editions, puise son inspiration dans les fondements du mouvement tout en restant fid\u00e8le \u00e0 sa philosophie minimaliste. Des \u00e9l\u00e9ments graphiques tels que les rayures et les carreaux se marient pour mettre en valeur la coupe des v\u00eatements.<\/p>[\/et_pb_text][\/et_pb_column][et_pb_column type=\u00a0\u00bb1_2&Prime; _builder_version=\u00a0\u00bb4.23.1&Prime; _module_preset=\u00a0\u00bbdefault\u00a0\u00bb global_colors_info=\u00a0\u00bb{}\u00a0\u00bb][et_pb_image src=\u00a0\u00bbhttps:\/\/trend-setting.fr\/2a1fr3\/wp-content\/uploads\/sites\/4\/2024\/01\/IMG_4982.jpg\u00a0\u00bb title_text=\u00a0\u00bbIMG_4982&Prime; _builder_version=\u00a0\u00bb4.23.1&Prime; _module_preset=\u00a0\u00bbdefault\u00a0\u00bb min_height=\u00a0\u00bb480.2px\u00a0\u00bb custom_margin=\u00a0\u00bb73px||-20px|||\u00a0\u00bb global_colors_info=\u00a0\u00bb{}\u00a0\u00bb][\/et_pb_image][et_pb_text _builder_version=\u00a0\u00bb4.23.1&Prime; _module_preset=\u00a0\u00bbdefault\u00a0\u00bb text_font_size=\u00a0\u00bb12px\u00a0\u00bb custom_margin=\u00a0\u00bb16px|||||\u00a0\u00bb global_colors_info=\u00a0\u00bb{}\u00a0\u00bb]<p><em>Premi\u00e8re mouture de la ligne Archive Edition de COS<\/em><\/p>[\/et_pb_text][\/et_pb_column][\/et_pb_row][et_pb_row _builder_version=\u00a0\u00bb4.23.1&Prime; _module_preset=\u00a0\u00bbdefault\u00a0\u00bb global_colors_info=\u00a0\u00bb{}\u00a0\u00bb][et_pb_column type=\u00a0\u00bb4_4&Prime; _builder_version=\u00a0\u00bb4.23.1&Prime; _module_preset=\u00a0\u00bbdefault\u00a0\u00bb global_colors_info=\u00a0\u00bb{}\u00a0\u00bb][et_pb_image src=\u00a0\u00bbhttps:\/\/trend-setting.fr\/2a1fr3\/wp-content\/uploads\/sites\/4\/2024\/01\/Capture-decran-2024-02-20-a-18.01.15.png\u00a0\u00bb title_text=\u00a0\u00bbCapture d\u2019e\u0301cran 2024-02-20 a\u0300 18.01.15&Prime; _builder_version=\u00a0\u00bb4.23.1&Prime; _module_preset=\u00a0\u00bbdefault\u00a0\u00bb custom_margin=\u00a0\u00bb2px|||||\u00a0\u00bb global_colors_info=\u00a0\u00bb{}\u00a0\u00bb][\/et_pb_image][et_pb_text _builder_version=\u00a0\u00bb4.23.1&Prime; _module_preset=\u00a0\u00bbdefault\u00a0\u00bb text_font_size=\u00a0\u00bb12px\u00a0\u00bb custom_margin=\u00a0\u00bb-22px|||||\u00a0\u00bb global_colors_info=\u00a0\u00bb{}\u00a0\u00bb]<p><em>Silhouettes inspir\u00e9es du mouvement Bauhaus, Jil sander, Rick Owens, Tom Brown et Walter Van Beirendonck<\/em><\/p>[\/et_pb_text][\/et_pb_column][\/et_pb_row][\/et_pb_section][et_pb_section fb_built=\u00a0\u00bb1&Prime; _builder_version=\u00a0\u00bb4.23.1&Prime; _module_preset=\u00a0\u00bbdefault\u00a0\u00bb custom_margin=\u00a0\u00bb-31px|||||\u00a0\u00bb global_colors_info=\u00a0\u00bb{}\u00a0\u00bb][et_pb_row _builder_version=\u00a0\u00bb4.23.1&Prime; _module_preset=\u00a0\u00bbdefault\u00a0\u00bb global_colors_info=\u00a0\u00bb{}\u00a0\u00bb][et_pb_column type=\u00a0\u00bb4_4&Prime; _builder_version=\u00a0\u00bb4.23.1&Prime; _module_preset=\u00a0\u00bbdefault\u00a0\u00bb global_colors_info=\u00a0\u00bb{}\u00a0\u00bb][et_pb_text _builder_version=\u00a0\u00bb4.23.1&Prime; _module_preset=\u00a0\u00bbdefault\u00a0\u00bb text_text_color=\u00a0\u00bb#000000&Prime; custom_margin=\u00a0\u00bb4px|||||\u00a0\u00bb global_colors_info=\u00a0\u00bb{}\u00a0\u00bb]<p class=\"p1\" style=\"text-align: center\"><em>Le Bauhaus, avec sa simplicit\u00e9 et son souci d&rsquo;efficacit\u00e9, visait \u00e0 transformer la vie quotidienne en favorisant une approche d\u00e9pouill\u00e9e de l&rsquo;art. Cela signifiait servir l&rsquo;id\u00e9al de l'\u00a0\u00bbhomme nouveau\u00a0\u00bb et promouvoir une utopie post-guerre o\u00f9 l&rsquo;art contribuerait au progr\u00e8s communautaire. Fondamentalement, le Bauhaus n&rsquo;\u00e9tait pas seulement une \u00e9cole, mais aussi une vision utopique influenc\u00e9e par un optimisme caract\u00e9ristique du XXe si\u00e8cle en ce qui concerne le progr\u00e8s technologique, scientifique, social et \u00e9galitaire. Il refl\u00e9tait les tendances majeures de son \u00e9poque, telles que la standardisation, la reconstruction et le lib\u00e9ralisme. Bien que l&rsquo;\u00e9cole ait officiellement ferm\u00e9 en 1930, l&rsquo;h\u00e9ritage du Bauhaus demeure vivant, aussi bien dans sa forme mat\u00e9rielle qu&rsquo;immat\u00e9rielle.<\/em><\/p>[\/et_pb_text][\/et_pb_column][\/et_pb_row][\/et_pb_section][et_pb_section fb_built=\u00a0\u00bb1&Prime; _builder_version=\u00a0\u00bb4.23.1&Prime; _module_preset=\u00a0\u00bbdefault\u00a0\u00bb global_colors_info=\u00a0\u00bb{}\u00a0\u00bb][et_pb_row _builder_version=\u00a0\u00bb4.23.1&Prime; _module_preset=\u00a0\u00bbdefault\u00a0\u00bb custom_padding=\u00a0\u00bb0px|||||\u00a0\u00bb global_colors_info=\u00a0\u00bb{}\u00a0\u00bb][et_pb_column type=\u00a0\u00bb4_4&Prime; _builder_version=\u00a0\u00bb4.23.1&Prime; _module_preset=\u00a0\u00bbdefault\u00a0\u00bb global_colors_info=\u00a0\u00bb{}\u00a0\u00bb][et_pb_divider color=\u00a0\u00bb#0C71C3&Prime; _builder_version=\u00a0\u00bb4.23.1&Prime; _module_preset=\u00a0\u00bbdefault\u00a0\u00bb global_colors_info=\u00a0\u00bb{}\u00a0\u00bb][\/et_pb_divider][\/et_pb_column][\/et_pb_row][\/et_pb_section][et_pb_section fb_built=\u00a0\u00bb1&Prime; fullwidth=\u00a0\u00bbon\u00a0\u00bb _builder_version=\u00a0\u00bb4.23.1&Prime; _module_preset=\u00a0\u00bbdefault\u00a0\u00bb global_colors_info=\u00a0\u00bb{}\u00a0\u00bb][et_pb_fullwidth_slider _builder_version=\u00a0\u00bb4.23.1&Prime; _module_preset=\u00a0\u00bbdefault\u00a0\u00bb min_height=\u00a0\u00bb376.3px\u00a0\u00bb custom_margin=\u00a0\u00bb1px|||||\u00a0\u00bb custom_padding=\u00a0\u00bb92px||57px|||\u00a0\u00bb global_colors_info=\u00a0\u00bb{}\u00a0\u00bb][et_pb_slide heading=\u00a0\u00bbGreen Chic : L&rsquo;Art du Design Biophilique\u00a0\u00bb button_text=\u00a0\u00bbLire ici\u00a0\u00bb _builder_version=\u00a0\u00bb4.23.1&Prime; _module_preset=\u00a0\u00bbdefault\u00a0\u00bb background_color=\u00a0\u00bbRGBA(255,255,255,0)\u00a0\u00bb background_enable_color=\u00a0\u00bbon\u00a0\u00bb background_image=\u00a0\u00bbhttps:\/\/trend-setting.fr\/2a1fr3\/wp-content\/uploads\/sites\/4\/2024\/01\/Decoration-biophilique-interieur.jpeg\u00a0\u00bb background_enable_image=\u00a0\u00bbon\u00a0\u00bb background_blend=\u00a0\u00bbsoft-light\u00a0\u00bb global_colors_info=\u00a0\u00bb{}\u00a0\u00bb sticky_transition=\u00a0\u00bbon\u00a0\u00bb]<p><span>D\u00e9couvrez comment int\u00e9grer la nature dans votre int\u00e9rieur pour favoriser le bien-\u00eatre et la productivit\u00e9 gr\u00e2ce au design biophilique, une tendance d\u00e9corative en vogue. Explorez comment cette approche allie esth\u00e9tique et fonctionnalit\u00e9 pour cr\u00e9er des espaces int\u00e9rieurs harmonieux et revitalisants.<\/span><\/p>[\/et_pb_slide][et_pb_slide heading=\u00a0\u00bbDesign Scandinave\u00a0\u00bb button_text=\u00a0\u00bbLire ici\u00a0\u00bb _builder_version=\u00a0\u00bb4.23.1&Prime; _module_preset=\u00a0\u00bbdefault\u00a0\u00bb background_color=\u00a0\u00bbRGBA(255,255,255,0)\u00a0\u00bb background_enable_color=\u00a0\u00bbon\u00a0\u00bb background_image=\u00a0\u00bbhttps:\/\/trend-setting.fr\/2a1fr3\/wp-content\/uploads\/sites\/4\/2024\/01\/Ganni-Brings-Danish-Spirit-to-Soho-With-New-London-Flagship-\u2013-Luxury-London.jpeg\u00a0\u00bb background_enable_image=\u00a0\u00bbon\u00a0\u00bb background_blend=\u00a0\u00bbsoft-light\u00a0\u00bb global_colors_info=\u00a0\u00bb{}\u00a0\u00bb sticky_transition=\u00a0\u00bbon\u00a0\u00bb]<p><span>D\u00e9couvrez comment le design scandinave devient le choix privil\u00e9gi\u00e9 des marques de mode pour leurs espaces de vente, alliant fonctionnalit\u00e9 \u00e9pur\u00e9e et esth\u00e9tique contemporaine pour une exp\u00e9rience shopping immersive et \u00e9l\u00e9gante&#8230;<\/span><\/p>[\/et_pb_slide][\/et_pb_fullwidth_slider][\/et_pb_section]\n","protected":false},"excerpt":{"rendered":"<p>Le Bauhaus, aujourd&rsquo;hui lou\u00e9 comme l&rsquo;un des g\u00e9ants de l&rsquo;histoire de l&rsquo;architecture, de l&rsquo;art et du design, a secou\u00e9 les fondements en fusionnant l&rsquo;art et l&rsquo;architecture, pr\u00f4nant la d\u00e9mocratisation. Bien plus qu&rsquo;un simple mouvement, le Bauhaus est une institution. Au-del\u00e0 d&rsquo;une simple \u00e9cole, c&rsquo;est une essence, une r\u00e9volution incarn\u00e9e. Ce mouvement inspire encore les diff\u00e9rentes [&hellip;]<\/p>\n","protected":false},"author":14,"featured_media":0,"comment_status":"open","ping_status":"open","sticky":false,"template":"","format":"standard","meta":{"_et_pb_use_builder":"on","_et_pb_old_content":"","_et_gb_content_width":"","footnotes":""},"categories":[10],"tags":[],"yoast_head":"<!-- This site is optimized with the Yoast SEO plugin v22.3 - https:\/\/yoast.com\/wordpress\/plugins\/seo\/ -->\n<title>Le Bauhaus<\/title>\n<meta name=\"description\" content=\"D\u00e9couvrez le Bauhaus un style architecturale fusionnant l&#039;art et l&#039;architecture, pr\u00f4nant la d\u00e9mocratisation s\u00e9duisant le monde de la mode.\" \/>\n<meta name=\"robots\" content=\"index, follow, max-snippet:-1, max-image-preview:large, max-video-preview:-1\" \/>\n<link rel=\"canonical\" href=\"https:\/\/trend-setting.fr\/2a1fr3\/linfluence-intemporelle-du-bauhaus-quand-lart-destructure-seduit-toujours-le-monde-de-la-mode\/\" \/>\n<meta property=\"og:locale\" content=\"fr_FR\" \/>\n<meta property=\"og:type\" content=\"article\" \/>\n<meta property=\"og:title\" content=\"Le Bauhaus\" \/>\n<meta property=\"og:description\" content=\"D\u00e9couvrez le Bauhaus un style architecturale fusionnant l&#039;art et l&#039;architecture, pr\u00f4nant la d\u00e9mocratisation s\u00e9duisant le monde de la mode.\" \/>\n<meta property=\"og:url\" content=\"https:\/\/trend-setting.fr\/2a1fr3\/linfluence-intemporelle-du-bauhaus-quand-lart-destructure-seduit-toujours-le-monde-de-la-mode\/\" \/>\n<meta property=\"og:site_name\" content=\"Groupe 3 2A1\" \/>\n<meta property=\"article:published_time\" content=\"2024-02-20T18:31:21+00:00\" \/>\n<meta property=\"article:modified_time\" content=\"2024-04-16T22:27:42+00:00\" \/>\n<meta name=\"author\" content=\"Charlotte\" \/>\n<meta name=\"twitter:card\" content=\"summary_large_image\" \/>\n<meta name=\"twitter:label1\" content=\"\u00c9crit par\" \/>\n\t<meta name=\"twitter:data1\" content=\"Charlotte\" \/>\n\t<meta name=\"twitter:label2\" content=\"Dur\u00e9e de lecture estim\u00e9e\" \/>\n\t<meta name=\"twitter:data2\" content=\"6 minutes\" \/>\n<script type=\"application\/ld+json\" class=\"yoast-schema-graph\">{\"@context\":\"https:\/\/schema.org\",\"@graph\":[{\"@type\":\"WebPage\",\"@id\":\"https:\/\/trend-setting.fr\/2a1fr3\/linfluence-intemporelle-du-bauhaus-quand-lart-destructure-seduit-toujours-le-monde-de-la-mode\/\",\"url\":\"https:\/\/trend-setting.fr\/2a1fr3\/linfluence-intemporelle-du-bauhaus-quand-lart-destructure-seduit-toujours-le-monde-de-la-mode\/\",\"name\":\"Le Bauhaus\",\"isPartOf\":{\"@id\":\"https:\/\/trend-setting.fr\/2a1fr3\/#website\"},\"datePublished\":\"2024-02-20T18:31:21+00:00\",\"dateModified\":\"2024-04-16T22:27:42+00:00\",\"author\":{\"@id\":\"https:\/\/trend-setting.fr\/2a1fr3\/#\/schema\/person\/8e86b57d5873aa8587920f9ee2fff2ea\"},\"description\":\"D\u00e9couvrez le Bauhaus un style architecturale fusionnant l'art et l'architecture, pr\u00f4nant la d\u00e9mocratisation s\u00e9duisant le monde de la mode.\",\"breadcrumb\":{\"@id\":\"https:\/\/trend-setting.fr\/2a1fr3\/linfluence-intemporelle-du-bauhaus-quand-lart-destructure-seduit-toujours-le-monde-de-la-mode\/#breadcrumb\"},\"inLanguage\":\"fr-FR\",\"potentialAction\":[{\"@type\":\"ReadAction\",\"target\":[\"https:\/\/trend-setting.fr\/2a1fr3\/linfluence-intemporelle-du-bauhaus-quand-lart-destructure-seduit-toujours-le-monde-de-la-mode\/\"]}]},{\"@type\":\"BreadcrumbList\",\"@id\":\"https:\/\/trend-setting.fr\/2a1fr3\/linfluence-intemporelle-du-bauhaus-quand-lart-destructure-seduit-toujours-le-monde-de-la-mode\/#breadcrumb\",\"itemListElement\":[{\"@type\":\"ListItem\",\"position\":1,\"name\":\"Accueil\",\"item\":\"https:\/\/trend-setting.fr\/2a1fr3\/\"},{\"@type\":\"ListItem\",\"position\":2,\"name\":\"L&rsquo;influence intemporelle du Bauhaus : quand l&rsquo;art d\u00e9structur\u00e9 s\u00e9duit toujours le monde de la mode.\"}]},{\"@type\":\"WebSite\",\"@id\":\"https:\/\/trend-setting.fr\/2a1fr3\/#website\",\"url\":\"https:\/\/trend-setting.fr\/2a1fr3\/\",\"name\":\"Groupe 3 2A1\",\"description\":\"\",\"potentialAction\":[{\"@type\":\"SearchAction\",\"target\":{\"@type\":\"EntryPoint\",\"urlTemplate\":\"https:\/\/trend-setting.fr\/2a1fr3\/?s={search_term_string}\"},\"query-input\":\"required name=search_term_string\"}],\"inLanguage\":\"fr-FR\"},{\"@type\":\"Person\",\"@id\":\"https:\/\/trend-setting.fr\/2a1fr3\/#\/schema\/person\/8e86b57d5873aa8587920f9ee2fff2ea\",\"name\":\"Charlotte\",\"image\":{\"@type\":\"ImageObject\",\"inLanguage\":\"fr-FR\",\"@id\":\"https:\/\/trend-setting.fr\/2a1fr3\/#\/schema\/person\/image\/\",\"url\":\"https:\/\/secure.gravatar.com\/avatar\/dfca13abbd8b3b8638c3c0c2bded10e8?s=96&d=mm&r=g\",\"contentUrl\":\"https:\/\/secure.gravatar.com\/avatar\/dfca13abbd8b3b8638c3c0c2bded10e8?s=96&d=mm&r=g\",\"caption\":\"Charlotte\"},\"url\":\"https:\/\/trend-setting.fr\/2a1fr3\/author\/ctrarieux\/\"}]}<\/script>\n<!-- \/ Yoast SEO plugin. -->","yoast_head_json":{"title":"Le Bauhaus","description":"D\u00e9couvrez le Bauhaus un style architecturale fusionnant l'art et l'architecture, pr\u00f4nant la d\u00e9mocratisation s\u00e9duisant le monde de la mode.","robots":{"index":"index","follow":"follow","max-snippet":"max-snippet:-1","max-image-preview":"max-image-preview:large","max-video-preview":"max-video-preview:-1"},"canonical":"https:\/\/trend-setting.fr\/2a1fr3\/linfluence-intemporelle-du-bauhaus-quand-lart-destructure-seduit-toujours-le-monde-de-la-mode\/","og_locale":"fr_FR","og_type":"article","og_title":"Le Bauhaus","og_description":"D\u00e9couvrez le Bauhaus un style architecturale fusionnant l'art et l'architecture, pr\u00f4nant la d\u00e9mocratisation s\u00e9duisant le monde de la mode.","og_url":"https:\/\/trend-setting.fr\/2a1fr3\/linfluence-intemporelle-du-bauhaus-quand-lart-destructure-seduit-toujours-le-monde-de-la-mode\/","og_site_name":"Groupe 3 2A1","article_published_time":"2024-02-20T18:31:21+00:00","article_modified_time":"2024-04-16T22:27:42+00:00","author":"Charlotte","twitter_card":"summary_large_image","twitter_misc":{"\u00c9crit par":"Charlotte","Dur\u00e9e de lecture estim\u00e9e":"6 minutes"},"schema":{"@context":"https:\/\/schema.org","@graph":[{"@type":"WebPage","@id":"https:\/\/trend-setting.fr\/2a1fr3\/linfluence-intemporelle-du-bauhaus-quand-lart-destructure-seduit-toujours-le-monde-de-la-mode\/","url":"https:\/\/trend-setting.fr\/2a1fr3\/linfluence-intemporelle-du-bauhaus-quand-lart-destructure-seduit-toujours-le-monde-de-la-mode\/","name":"Le Bauhaus","isPartOf":{"@id":"https:\/\/trend-setting.fr\/2a1fr3\/#website"},"datePublished":"2024-02-20T18:31:21+00:00","dateModified":"2024-04-16T22:27:42+00:00","author":{"@id":"https:\/\/trend-setting.fr\/2a1fr3\/#\/schema\/person\/8e86b57d5873aa8587920f9ee2fff2ea"},"description":"D\u00e9couvrez le Bauhaus un style architecturale fusionnant l'art et l'architecture, pr\u00f4nant la d\u00e9mocratisation s\u00e9duisant le monde de la mode.","breadcrumb":{"@id":"https:\/\/trend-setting.fr\/2a1fr3\/linfluence-intemporelle-du-bauhaus-quand-lart-destructure-seduit-toujours-le-monde-de-la-mode\/#breadcrumb"},"inLanguage":"fr-FR","potentialAction":[{"@type":"ReadAction","target":["https:\/\/trend-setting.fr\/2a1fr3\/linfluence-intemporelle-du-bauhaus-quand-lart-destructure-seduit-toujours-le-monde-de-la-mode\/"]}]},{"@type":"BreadcrumbList","@id":"https:\/\/trend-setting.fr\/2a1fr3\/linfluence-intemporelle-du-bauhaus-quand-lart-destructure-seduit-toujours-le-monde-de-la-mode\/#breadcrumb","itemListElement":[{"@type":"ListItem","position":1,"name":"Accueil","item":"https:\/\/trend-setting.fr\/2a1fr3\/"},{"@type":"ListItem","position":2,"name":"L&rsquo;influence intemporelle du Bauhaus : quand l&rsquo;art d\u00e9structur\u00e9 s\u00e9duit toujours le monde de la mode."}]},{"@type":"WebSite","@id":"https:\/\/trend-setting.fr\/2a1fr3\/#website","url":"https:\/\/trend-setting.fr\/2a1fr3\/","name":"Groupe 3 2A1","description":"","potentialAction":[{"@type":"SearchAction","target":{"@type":"EntryPoint","urlTemplate":"https:\/\/trend-setting.fr\/2a1fr3\/?s={search_term_string}"},"query-input":"required name=search_term_string"}],"inLanguage":"fr-FR"},{"@type":"Person","@id":"https:\/\/trend-setting.fr\/2a1fr3\/#\/schema\/person\/8e86b57d5873aa8587920f9ee2fff2ea","name":"Charlotte","image":{"@type":"ImageObject","inLanguage":"fr-FR","@id":"https:\/\/trend-setting.fr\/2a1fr3\/#\/schema\/person\/image\/","url":"https:\/\/secure.gravatar.com\/avatar\/dfca13abbd8b3b8638c3c0c2bded10e8?s=96&d=mm&r=g","contentUrl":"https:\/\/secure.gravatar.com\/avatar\/dfca13abbd8b3b8638c3c0c2bded10e8?s=96&d=mm&r=g","caption":"Charlotte"},"url":"https:\/\/trend-setting.fr\/2a1fr3\/author\/ctrarieux\/"}]}},"_links":{"self":[{"href":"https:\/\/trend-setting.fr\/2a1fr3\/wp-json\/wp\/v2\/posts\/244"}],"collection":[{"href":"https:\/\/trend-setting.fr\/2a1fr3\/wp-json\/wp\/v2\/posts"}],"about":[{"href":"https:\/\/trend-setting.fr\/2a1fr3\/wp-json\/wp\/v2\/types\/post"}],"author":[{"embeddable":true,"href":"https:\/\/trend-setting.fr\/2a1fr3\/wp-json\/wp\/v2\/users\/14"}],"replies":[{"embeddable":true,"href":"https:\/\/trend-setting.fr\/2a1fr3\/wp-json\/wp\/v2\/comments?post=244"}],"version-history":[{"count":7,"href":"https:\/\/trend-setting.fr\/2a1fr3\/wp-json\/wp\/v2\/posts\/244\/revisions"}],"predecessor-version":[{"id":623,"href":"https:\/\/trend-setting.fr\/2a1fr3\/wp-json\/wp\/v2\/posts\/244\/revisions\/623"}],"wp:attachment":[{"href":"https:\/\/trend-setting.fr\/2a1fr3\/wp-json\/wp\/v2\/media?parent=244"}],"wp:term":[{"taxonomy":"category","embeddable":true,"href":"https:\/\/trend-setting.fr\/2a1fr3\/wp-json\/wp\/v2\/categories?post=244"},{"taxonomy":"post_tag","embeddable":true,"href":"https:\/\/trend-setting.fr\/2a1fr3\/wp-json\/wp\/v2\/tags?post=244"}],"curies":[{"name":"wp","href":"https:\/\/api.w.org\/{rel}","templated":true}]}}