{"id":340,"date":"2024-03-07T15:55:02","date_gmt":"2024-03-07T14:55:02","guid":{"rendered":"https:\/\/trend-setting.fr\/2a1fr3\/?p=340"},"modified":"2024-04-17T00:58:14","modified_gmt":"2024-04-16T22:58:14","slug":"le-dernier-2024-maquillage-de-printemps-16-classification-des-couleurs-de-la-saison","status":"publish","type":"post","link":"https:\/\/trend-setting.fr\/2a1fr3\/le-dernier-2024-maquillage-de-printemps-16-classification-des-couleurs-de-la-saison\/","title":{"rendered":"Le dernier ! 2024 Maquillage de printemps 16 Classification des couleurs de la saison"},"content":{"rendered":"\n[et_pb_section fb_built=\u00a0\u00bb1&Prime; _builder_version=\u00a0\u00bb4.23.1&Prime; _module_preset=\u00a0\u00bbdefault\u00a0\u00bb custom_padding=\u00a0\u00bb0px|||||\u00a0\u00bb global_colors_info=\u00a0\u00bb{}\u00a0\u00bb][et_pb_row column_structure=\u00a0\u00bb2_5,3_5&Prime; _builder_version=\u00a0\u00bb4.23.1&Prime; _module_preset=\u00a0\u00bbdefault\u00a0\u00bb global_colors_info=\u00a0\u00bb{}\u00a0\u00bb][et_pb_column type=\u00a0\u00bb2_5&Prime; _builder_version=\u00a0\u00bb4.23.1&Prime; _module_preset=\u00a0\u00bbdefault\u00a0\u00bb global_colors_info=\u00a0\u00bb{}\u00a0\u00bb][et_pb_image src=\u00a0\u00bbhttps:\/\/trend-setting.fr\/2a1fr3\/wp-content\/uploads\/sites\/4\/2024\/04\/1291713064138_.pic_.jpg\u00a0\u00bb title_text=\u00a0\u00bb1291713064138_.pic\u00a0\u00bb _builder_version=\u00a0\u00bb4.23.1&Prime; _module_preset=\u00a0\u00bbdefault\u00a0\u00bb hover_enabled=\u00a0\u00bb0&Prime; global_colors_info=\u00a0\u00bb{}\u00a0\u00bb alt=\u00a0\u00bbMaquillage du printemps 2024&Prime; sticky_enabled=\u00a0\u00bb0&Prime;][\/et_pb_image][\/et_pb_column][et_pb_column type=\u00a0\u00bb3_5&Prime; _builder_version=\u00a0\u00bb4.23.1&Prime; _module_preset=\u00a0\u00bbdefault\u00a0\u00bb global_colors_info=\u00a0\u00bb{}\u00a0\u00bb][et_pb_text _builder_version=\u00a0\u00bb4.23.1&Prime; _module_preset=\u00a0\u00bbdefault\u00a0\u00bb global_colors_info=\u00a0\u00bb{}\u00a0\u00bb]<p style=\"text-align: justify\">Aujourd&rsquo;hui, nous allons vous apporter la classification des couleurs des nouveaux produits de maquillage du printemps 2024.<\/p>\n<p style=\"text-align: justify\">Cette classification est bas\u00e9e sur un grand nombre de tests et d&rsquo;\u00e9valuations physiques des couleurs, et nous allons essayer de vous donner une recommandation plus pr\u00e9cise.<\/p>\n<p>&nbsp;<\/p>[\/et_pb_text][\/et_pb_column][\/et_pb_row][et_pb_row _builder_version=\u00a0\u00bb4.23.1&Prime; _module_preset=\u00a0\u00bbdefault\u00a0\u00bb global_colors_info=\u00a0\u00bb{}\u00a0\u00bb][et_pb_column type=\u00a0\u00bb4_4&Prime; _builder_version=\u00a0\u00bb4.23.1&Prime; _module_preset=\u00a0\u00bbdefault\u00a0\u00bb global_colors_info=\u00a0\u00bb{}\u00a0\u00bb][et_pb_divider color=\u00a0\u00bb#000000&Prime; _builder_version=\u00a0\u00bb4.23.1&Prime; _module_preset=\u00a0\u00bbdefault\u00a0\u00bb global_colors_info=\u00a0\u00bb{}\u00a0\u00bb][\/et_pb_divider][\/et_pb_column][\/et_pb_row][et_pb_row column_structure=\u00a0\u00bb1_3,1_3,1_3&Prime; _builder_version=\u00a0\u00bb4.23.1&Prime; _module_preset=\u00a0\u00bbdefault\u00a0\u00bb global_colors_info=\u00a0\u00bb{}\u00a0\u00bb][et_pb_column type=\u00a0\u00bb1_3&Prime; _builder_version=\u00a0\u00bb4.23.1&Prime; _module_preset=\u00a0\u00bbdefault\u00a0\u00bb global_colors_info=\u00a0\u00bb{}\u00a0\u00bb][et_pb_image src=\u00a0\u00bbhttps:\/\/trend-setting.fr\/2a1fr3\/wp-content\/uploads\/sites\/4\/2024\/04\/1221713062314_.pic_.jpg\u00a0\u00bb title_text=\u00a0\u00bb1221713062314_.pic\u00a0\u00bb _builder_version=\u00a0\u00bb4.23.1&Prime; _module_preset=\u00a0\u00bbdefault\u00a0\u00bb hover_enabled=\u00a0\u00bb0&Prime; global_colors_info=\u00a0\u00bb{}\u00a0\u00bb alt=\u00a0\u00bbMaquillage du printemps 2024&Prime; sticky_enabled=\u00a0\u00bb0&Prime;][\/et_pb_image][\/et_pb_column][et_pb_column type=\u00a0\u00bb1_3&Prime; _builder_version=\u00a0\u00bb4.23.1&Prime; _module_preset=\u00a0\u00bbdefault\u00a0\u00bb global_colors_info=\u00a0\u00bb{}\u00a0\u00bb][et_pb_image src=\u00a0\u00bbhttps:\/\/trend-setting.fr\/2a1fr3\/wp-content\/uploads\/sites\/4\/2024\/04\/1231713062316_.pic_.jpg\u00a0\u00bb title_text=\u00a0\u00bb1231713062316_.pic\u00a0\u00bb _builder_version=\u00a0\u00bb4.23.1&Prime; _module_preset=\u00a0\u00bbdefault\u00a0\u00bb hover_enabled=\u00a0\u00bb0&Prime; global_colors_info=\u00a0\u00bb{}\u00a0\u00bb alt=\u00a0\u00bbMaquillage du printemps 2024&Prime; sticky_enabled=\u00a0\u00bb0&Prime;][\/et_pb_image][\/et_pb_column][et_pb_column type=\u00a0\u00bb1_3&Prime; _builder_version=\u00a0\u00bb4.23.1&Prime; _module_preset=\u00a0\u00bbdefault\u00a0\u00bb global_colors_info=\u00a0\u00bb{}\u00a0\u00bb][et_pb_image src=\u00a0\u00bbhttps:\/\/trend-setting.fr\/2a1fr3\/wp-content\/uploads\/sites\/4\/2024\/04\/1241713062320_.pic-removebg-preview.png\u00a0\u00bb title_text=\u00a0\u00bb1241713062320_.pic-removebg-preview\u00a0\u00bb _builder_version=\u00a0\u00bb4.23.1&Prime; _module_preset=\u00a0\u00bbdefault\u00a0\u00bb hover_enabled=\u00a0\u00bb0&Prime; global_colors_info=\u00a0\u00bb{}\u00a0\u00bb alt=\u00a0\u00bbMaquillage du printemps 2024&Prime; sticky_enabled=\u00a0\u00bb0&Prime;][\/et_pb_image][\/et_pb_column][\/et_pb_row][\/et_pb_section][et_pb_section fb_built=\u00a0\u00bb1&Prime; _builder_version=\u00a0\u00bb4.23.1&Prime; _module_preset=\u00a0\u00bbdefault\u00a0\u00bb custom_padding=\u00a0\u00bb0px|||||\u00a0\u00bb global_colors_info=\u00a0\u00bb{}\u00a0\u00bb][et_pb_row _builder_version=\u00a0\u00bb4.23.1&Prime; _module_preset=\u00a0\u00bbdefault\u00a0\u00bb global_colors_info=\u00a0\u00bb{}\u00a0\u00bb][et_pb_column type=\u00a0\u00bb4_4&Prime; _builder_version=\u00a0\u00bb4.23.1&Prime; _module_preset=\u00a0\u00bbdefault\u00a0\u00bb global_colors_info=\u00a0\u00bb{}\u00a0\u00bb][et_pb_text _builder_version=\u00a0\u00bb4.23.1&Prime; _module_preset=\u00a0\u00bbdefault\u00a0\u00bb global_colors_info=\u00a0\u00bb{}\u00a0\u00bb]<h4 style=\"text-align: justify\">Le maquillage printanier Dior est avanc\u00e9 et doux.<\/h4>\n<p style=\"text-align: justify\">La couleur th\u00e8me du maquillage est le rose tendre entre le rouge et l&rsquo;orange. Le gaufrage de la palette d&rsquo;ombres \u00e0 paupi\u00e8res est inspir\u00e9 par le tissu et la texture de la robe haut de gamme, qui est d\u00e9licate et soyeuse.<\/p>\n<p style=\"text-align: justify\"><strong>#123<\/strong> L&rsquo;organza rose est centr\u00e9 sur le lilas gris et le rose clair, avec du jaune clair, du bois de rose et du violet gris, mature et \u00e9l\u00e9gant.<\/p>\n<p style=\"text-align: justify\"><strong>#923<\/strong> Popeline Peach est une poudre d&rsquo;orange corail populaire cette ann\u00e9e, avec des couleurs chaudes telles que le rose clair, la poudre de rose et l&rsquo;or beaze, comme la nature ludique du soleil qui brille sur les p\u00e9tales. Il y a aussi un ensemble limit\u00e9 d&rsquo;Isetan<\/p>\n<p style=\"text-align: justify\"><strong>#943<\/strong>, qui est tr\u00e8s appropri\u00e9 pour le mod\u00e8le d&rsquo;\u00e9t\u00e9 l\u00e9ger. On dit que certaines personnes ont fait la queue pendant 5 heures au moment de la vente pour l&rsquo;attraper.<\/p>[\/et_pb_text][\/et_pb_column][\/et_pb_row][et_pb_row _builder_version=\u00a0\u00bb4.23.1&Prime; _module_preset=\u00a0\u00bbdefault\u00a0\u00bb global_colors_info=\u00a0\u00bb{}\u00a0\u00bb][et_pb_column type=\u00a0\u00bb4_4&Prime; _builder_version=\u00a0\u00bb4.23.1&Prime; _module_preset=\u00a0\u00bbdefault\u00a0\u00bb global_colors_info=\u00a0\u00bb{}\u00a0\u00bb][et_pb_image src=\u00a0\u00bbhttps:\/\/trend-setting.fr\/2a1fr3\/wp-content\/uploads\/sites\/4\/2024\/04\/1251713062770_.pic_.jpg\u00a0\u00bb title_text=\u00a0\u00bb1251713062770_.pic\u00a0\u00bb _builder_version=\u00a0\u00bb4.23.1&Prime; _module_preset=\u00a0\u00bbdefault\u00a0\u00bb global_colors_info=\u00a0\u00bb{}\u00a0\u00bb][\/et_pb_image][\/et_pb_column][\/et_pb_row][et_pb_row _builder_version=\u00a0\u00bb4.23.1&Prime; _module_preset=\u00a0\u00bbdefault\u00a0\u00bb global_colors_info=\u00a0\u00bb{}\u00a0\u00bb][et_pb_column type=\u00a0\u00bb4_4&Prime; _builder_version=\u00a0\u00bb4.23.1&Prime; _module_preset=\u00a0\u00bbdefault\u00a0\u00bb global_colors_info=\u00a0\u00bb{}\u00a0\u00bb][et_pb_text _builder_version=\u00a0\u00bb4.23.1&Prime; _module_preset=\u00a0\u00bbdefault\u00a0\u00bb global_colors_info=\u00a0\u00bb{}\u00a0\u00bb]<h4>Le maquillage de printemps d&rsquo;ADDICTION<\/h4>\n<p>Qui ne choisit pas le th\u00e8me floral que la plupart des marques aiment, mais prend la douceur, la t\u00e9nacit\u00e9 et la confiance en soi mature des femmes comme concept.<\/p>\n<p>Compar\u00e9 \u00e0 la couleur printani\u00e8re commune mature et \u00e0 la mode, elle est nue et naturelle, tr\u00e8s quotidienne et pratique.<\/p>[\/et_pb_text][\/et_pb_column][\/et_pb_row][et_pb_row _builder_version=\u00a0\u00bb4.23.1&Prime; _module_preset=\u00a0\u00bbdefault\u00a0\u00bb global_colors_info=\u00a0\u00bb{}\u00a0\u00bb][et_pb_column type=\u00a0\u00bb4_4&Prime; _builder_version=\u00a0\u00bb4.23.1&Prime; _module_preset=\u00a0\u00bbdefault\u00a0\u00bb global_colors_info=\u00a0\u00bb{}\u00a0\u00bb][et_pb_image src=\u00a0\u00bbhttps:\/\/trend-setting.fr\/2a1fr3\/wp-content\/uploads\/sites\/4\/2024\/04\/1261713063048_.pic_.png\u00a0\u00bb title_text=\u00a0\u00bb1261713063048_.pic\u00a0\u00bb _builder_version=\u00a0\u00bb4.23.1&Prime; _module_preset=\u00a0\u00bbdefault\u00a0\u00bb global_colors_info=\u00a0\u00bb{}\u00a0\u00bb][\/et_pb_image][\/et_pb_column][\/et_pb_row][et_pb_row _builder_version=\u00a0\u00bb4.23.1&Prime; _module_preset=\u00a0\u00bbdefault\u00a0\u00bb global_colors_info=\u00a0\u00bb{}\u00a0\u00bb][et_pb_column type=\u00a0\u00bb4_4&Prime; _builder_version=\u00a0\u00bb4.23.1&Prime; _module_preset=\u00a0\u00bbdefault\u00a0\u00bb global_colors_info=\u00a0\u00bb{}\u00a0\u00bb][et_pb_text _builder_version=\u00a0\u00bb4.23.1&Prime; _module_preset=\u00a0\u00bbdefault\u00a0\u00bb global_colors_info=\u00a0\u00bb{}\u00a0\u00bb]<h4>Le maquillage printanier de Paul &amp; Joe<\/h4>\n<p>Qui montre le style romantique du village du sud de la France. L&rsquo;ombre \u00e0 paupi\u00e8res bicolore choisit des tons roses color\u00e9s et diff\u00e9rentes nuances de jaune, racontant la beaut\u00e9 et l&rsquo;espoir du printemps. La cr\u00e8me de teinture des sourcils color\u00e9e peut choisir diff\u00e9rentes couleurs en fonction de la couleur des cheveux et du maquillage.<\/p>[\/et_pb_text][\/et_pb_column][\/et_pb_row][et_pb_row column_structure=\u00a0\u00bb1_2,1_2&Prime; _builder_version=\u00a0\u00bb4.23.1&Prime; _module_preset=\u00a0\u00bbdefault\u00a0\u00bb global_colors_info=\u00a0\u00bb{}\u00a0\u00bb][et_pb_column type=\u00a0\u00bb1_2&Prime; _builder_version=\u00a0\u00bb4.23.1&Prime; _module_preset=\u00a0\u00bbdefault\u00a0\u00bb global_colors_info=\u00a0\u00bb{}\u00a0\u00bb][et_pb_image src=\u00a0\u00bbhttps:\/\/trend-setting.fr\/2a1fr3\/wp-content\/uploads\/sites\/4\/2024\/04\/1281713063783_.pic_.jpg\u00a0\u00bb title_text=\u00a0\u00bb1281713063783_.pic\u00a0\u00bb _builder_version=\u00a0\u00bb4.23.1&Prime; _module_preset=\u00a0\u00bbdefault\u00a0\u00bb global_colors_info=\u00a0\u00bb{}\u00a0\u00bb][\/et_pb_image][\/et_pb_column][et_pb_column type=\u00a0\u00bb1_2&Prime; _builder_version=\u00a0\u00bb4.23.1&Prime; _module_preset=\u00a0\u00bbdefault\u00a0\u00bb global_colors_info=\u00a0\u00bb{}\u00a0\u00bb][et_pb_image src=\u00a0\u00bbhttps:\/\/trend-setting.fr\/2a1fr3\/wp-content\/uploads\/sites\/4\/2024\/04\/1271713063782_.pic_.jpg\u00a0\u00bb title_text=\u00a0\u00bb1271713063782_.pic\u00a0\u00bb _builder_version=\u00a0\u00bb4.23.1&Prime; _module_preset=\u00a0\u00bbdefault\u00a0\u00bb global_colors_info=\u00a0\u00bb{}\u00a0\u00bb][\/et_pb_image][\/et_pb_column][\/et_pb_row][et_pb_row _builder_version=\u00a0\u00bb4.23.1&Prime; _module_preset=\u00a0\u00bbdefault\u00a0\u00bb global_colors_info=\u00a0\u00bb{}\u00a0\u00bb][et_pb_column type=\u00a0\u00bb4_4&Prime; _builder_version=\u00a0\u00bb4.23.1&Prime; _module_preset=\u00a0\u00bbdefault\u00a0\u00bb global_colors_info=\u00a0\u00bb{}\u00a0\u00bb][et_pb_text _builder_version=\u00a0\u00bb4.23.1&Prime; _module_preset=\u00a0\u00bbdefault\u00a0\u00bb global_colors_info=\u00a0\u00bb{}\u00a0\u00bb]<h4>Les b\u00e2tons de fard \u00e0 joues et la cr\u00e8me de fard \u00e0 joues de CHANEL<\/h4>\n<p>Qui ont \u00e9t\u00e9 tr\u00e8s populaires au cours des deux derni\u00e8res ann\u00e9es, car leur effet de fusion avec le maquillage de base est plus naturel et clair. Le maquillage de printemps de Chanel a lanc\u00e9 une nouvelle couleur de miel rouge pour les l\u00e8vres et les joues de cam\u00e9lia, et la couleur n\u00b0 9 est assez attrayante.\u00a0<\/p>[\/et_pb_text][\/et_pb_column][\/et_pb_row][\/et_pb_section]\n","protected":false},"excerpt":{"rendered":"<p>Aujourd&rsquo;hui, nous allons vous apporter la classification des couleurs des nouveaux produits de maquillage du printemps 2024. Cette classification est bas\u00e9e sur un grand nombre de tests et d&rsquo;\u00e9valuations physiques des couleurs, et nous allons essayer de vous donner une recommandation plus pr\u00e9cise. &nbsp;Le maquillage printanier Dior est avanc\u00e9 et doux. La couleur th\u00e8me du [&hellip;]<\/p>\n","protected":false},"author":17,"featured_media":0,"comment_status":"open","ping_status":"open","sticky":false,"template":"","format":"standard","meta":{"_et_pb_use_builder":"on","_et_pb_old_content":"","_et_gb_content_width":"","footnotes":""},"categories":[9],"tags":[],"yoast_head":"<!-- This site is optimized with the Yoast SEO plugin v22.3 - https:\/\/yoast.com\/wordpress\/plugins\/seo\/ -->\n<title>Maquillage du printemps 2024<\/title>\n<meta name=\"description\" content=\"D\u00e9couvrez les tendances Maquillage du printemps 2024 ainsi que des id\u00e9es de produit qui pourrons vous plaire pour la saison.\" \/>\n<meta name=\"robots\" content=\"index, follow, max-snippet:-1, max-image-preview:large, max-video-preview:-1\" \/>\n<link rel=\"canonical\" href=\"https:\/\/trend-setting.fr\/2a1fr3\/le-dernier-2024-maquillage-de-printemps-16-classification-des-couleurs-de-la-saison\/\" \/>\n<meta property=\"og:locale\" content=\"fr_FR\" \/>\n<meta property=\"og:type\" content=\"article\" \/>\n<meta property=\"og:title\" content=\"Maquillage du printemps 2024\" \/>\n<meta property=\"og:description\" content=\"D\u00e9couvrez les tendances Maquillage du printemps 2024 ainsi que des id\u00e9es de produit qui pourrons vous plaire pour la saison.\" \/>\n<meta property=\"og:url\" content=\"https:\/\/trend-setting.fr\/2a1fr3\/le-dernier-2024-maquillage-de-printemps-16-classification-des-couleurs-de-la-saison\/\" \/>\n<meta property=\"og:site_name\" content=\"Groupe 3 2A1\" \/>\n<meta property=\"article:published_time\" content=\"2024-03-07T14:55:02+00:00\" \/>\n<meta property=\"article:modified_time\" content=\"2024-04-16T22:58:14+00:00\" \/>\n<meta name=\"author\" content=\"sili\" \/>\n<meta name=\"twitter:card\" content=\"summary_large_image\" \/>\n<meta name=\"twitter:label1\" content=\"\u00c9crit par\" \/>\n\t<meta name=\"twitter:data1\" content=\"sili\" \/>\n\t<meta name=\"twitter:label2\" content=\"Dur\u00e9e de lecture estim\u00e9e\" \/>\n\t<meta name=\"twitter:data2\" content=\"4 minutes\" \/>\n<script type=\"application\/ld+json\" class=\"yoast-schema-graph\">{\"@context\":\"https:\/\/schema.org\",\"@graph\":[{\"@type\":\"WebPage\",\"@id\":\"https:\/\/trend-setting.fr\/2a1fr3\/le-dernier-2024-maquillage-de-printemps-16-classification-des-couleurs-de-la-saison\/\",\"url\":\"https:\/\/trend-setting.fr\/2a1fr3\/le-dernier-2024-maquillage-de-printemps-16-classification-des-couleurs-de-la-saison\/\",\"name\":\"Maquillage du printemps 2024\",\"isPartOf\":{\"@id\":\"https:\/\/trend-setting.fr\/2a1fr3\/#website\"},\"datePublished\":\"2024-03-07T14:55:02+00:00\",\"dateModified\":\"2024-04-16T22:58:14+00:00\",\"author\":{\"@id\":\"https:\/\/trend-setting.fr\/2a1fr3\/#\/schema\/person\/eb9ff292b784930d4b52b74cde1ee5d7\"},\"description\":\"D\u00e9couvrez les tendances Maquillage du printemps 2024 ainsi que des id\u00e9es de produit qui pourrons vous plaire pour la saison.\",\"breadcrumb\":{\"@id\":\"https:\/\/trend-setting.fr\/2a1fr3\/le-dernier-2024-maquillage-de-printemps-16-classification-des-couleurs-de-la-saison\/#breadcrumb\"},\"inLanguage\":\"fr-FR\",\"potentialAction\":[{\"@type\":\"ReadAction\",\"target\":[\"https:\/\/trend-setting.fr\/2a1fr3\/le-dernier-2024-maquillage-de-printemps-16-classification-des-couleurs-de-la-saison\/\"]}]},{\"@type\":\"BreadcrumbList\",\"@id\":\"https:\/\/trend-setting.fr\/2a1fr3\/le-dernier-2024-maquillage-de-printemps-16-classification-des-couleurs-de-la-saison\/#breadcrumb\",\"itemListElement\":[{\"@type\":\"ListItem\",\"position\":1,\"name\":\"Accueil\",\"item\":\"https:\/\/trend-setting.fr\/2a1fr3\/\"},{\"@type\":\"ListItem\",\"position\":2,\"name\":\"Le dernier ! 2024 Maquillage de printemps 16 Classification des couleurs de la saison\"}]},{\"@type\":\"WebSite\",\"@id\":\"https:\/\/trend-setting.fr\/2a1fr3\/#website\",\"url\":\"https:\/\/trend-setting.fr\/2a1fr3\/\",\"name\":\"Groupe 3 2A1\",\"description\":\"\",\"potentialAction\":[{\"@type\":\"SearchAction\",\"target\":{\"@type\":\"EntryPoint\",\"urlTemplate\":\"https:\/\/trend-setting.fr\/2a1fr3\/?s={search_term_string}\"},\"query-input\":\"required name=search_term_string\"}],\"inLanguage\":\"fr-FR\"},{\"@type\":\"Person\",\"@id\":\"https:\/\/trend-setting.fr\/2a1fr3\/#\/schema\/person\/eb9ff292b784930d4b52b74cde1ee5d7\",\"name\":\"sili\",\"image\":{\"@type\":\"ImageObject\",\"inLanguage\":\"fr-FR\",\"@id\":\"https:\/\/trend-setting.fr\/2a1fr3\/#\/schema\/person\/image\/\",\"url\":\"https:\/\/secure.gravatar.com\/avatar\/c5235fa10a9e3bb315a957730911e81c?s=96&d=mm&r=g\",\"contentUrl\":\"https:\/\/secure.gravatar.com\/avatar\/c5235fa10a9e3bb315a957730911e81c?s=96&d=mm&r=g\",\"caption\":\"sili\"},\"url\":\"https:\/\/trend-setting.fr\/2a1fr3\/author\/sili\/\"}]}<\/script>\n<!-- \/ Yoast SEO plugin. -->","yoast_head_json":{"title":"Maquillage du printemps 2024","description":"D\u00e9couvrez les tendances Maquillage du printemps 2024 ainsi que des id\u00e9es de produit qui pourrons vous plaire pour la saison.","robots":{"index":"index","follow":"follow","max-snippet":"max-snippet:-1","max-image-preview":"max-image-preview:large","max-video-preview":"max-video-preview:-1"},"canonical":"https:\/\/trend-setting.fr\/2a1fr3\/le-dernier-2024-maquillage-de-printemps-16-classification-des-couleurs-de-la-saison\/","og_locale":"fr_FR","og_type":"article","og_title":"Maquillage du printemps 2024","og_description":"D\u00e9couvrez les tendances Maquillage du printemps 2024 ainsi que des id\u00e9es de produit qui pourrons vous plaire pour la saison.","og_url":"https:\/\/trend-setting.fr\/2a1fr3\/le-dernier-2024-maquillage-de-printemps-16-classification-des-couleurs-de-la-saison\/","og_site_name":"Groupe 3 2A1","article_published_time":"2024-03-07T14:55:02+00:00","article_modified_time":"2024-04-16T22:58:14+00:00","author":"sili","twitter_card":"summary_large_image","twitter_misc":{"\u00c9crit par":"sili","Dur\u00e9e de lecture estim\u00e9e":"4 minutes"},"schema":{"@context":"https:\/\/schema.org","@graph":[{"@type":"WebPage","@id":"https:\/\/trend-setting.fr\/2a1fr3\/le-dernier-2024-maquillage-de-printemps-16-classification-des-couleurs-de-la-saison\/","url":"https:\/\/trend-setting.fr\/2a1fr3\/le-dernier-2024-maquillage-de-printemps-16-classification-des-couleurs-de-la-saison\/","name":"Maquillage du printemps 2024","isPartOf":{"@id":"https:\/\/trend-setting.fr\/2a1fr3\/#website"},"datePublished":"2024-03-07T14:55:02+00:00","dateModified":"2024-04-16T22:58:14+00:00","author":{"@id":"https:\/\/trend-setting.fr\/2a1fr3\/#\/schema\/person\/eb9ff292b784930d4b52b74cde1ee5d7"},"description":"D\u00e9couvrez les tendances Maquillage du printemps 2024 ainsi que des id\u00e9es de produit qui pourrons vous plaire pour la saison.","breadcrumb":{"@id":"https:\/\/trend-setting.fr\/2a1fr3\/le-dernier-2024-maquillage-de-printemps-16-classification-des-couleurs-de-la-saison\/#breadcrumb"},"inLanguage":"fr-FR","potentialAction":[{"@type":"ReadAction","target":["https:\/\/trend-setting.fr\/2a1fr3\/le-dernier-2024-maquillage-de-printemps-16-classification-des-couleurs-de-la-saison\/"]}]},{"@type":"BreadcrumbList","@id":"https:\/\/trend-setting.fr\/2a1fr3\/le-dernier-2024-maquillage-de-printemps-16-classification-des-couleurs-de-la-saison\/#breadcrumb","itemListElement":[{"@type":"ListItem","position":1,"name":"Accueil","item":"https:\/\/trend-setting.fr\/2a1fr3\/"},{"@type":"ListItem","position":2,"name":"Le dernier ! 2024 Maquillage de printemps 16 Classification des couleurs de la saison"}]},{"@type":"WebSite","@id":"https:\/\/trend-setting.fr\/2a1fr3\/#website","url":"https:\/\/trend-setting.fr\/2a1fr3\/","name":"Groupe 3 2A1","description":"","potentialAction":[{"@type":"SearchAction","target":{"@type":"EntryPoint","urlTemplate":"https:\/\/trend-setting.fr\/2a1fr3\/?s={search_term_string}"},"query-input":"required name=search_term_string"}],"inLanguage":"fr-FR"},{"@type":"Person","@id":"https:\/\/trend-setting.fr\/2a1fr3\/#\/schema\/person\/eb9ff292b784930d4b52b74cde1ee5d7","name":"sili","image":{"@type":"ImageObject","inLanguage":"fr-FR","@id":"https:\/\/trend-setting.fr\/2a1fr3\/#\/schema\/person\/image\/","url":"https:\/\/secure.gravatar.com\/avatar\/c5235fa10a9e3bb315a957730911e81c?s=96&d=mm&r=g","contentUrl":"https:\/\/secure.gravatar.com\/avatar\/c5235fa10a9e3bb315a957730911e81c?s=96&d=mm&r=g","caption":"sili"},"url":"https:\/\/trend-setting.fr\/2a1fr3\/author\/sili\/"}]}},"_links":{"self":[{"href":"https:\/\/trend-setting.fr\/2a1fr3\/wp-json\/wp\/v2\/posts\/340"}],"collection":[{"href":"https:\/\/trend-setting.fr\/2a1fr3\/wp-json\/wp\/v2\/posts"}],"about":[{"href":"https:\/\/trend-setting.fr\/2a1fr3\/wp-json\/wp\/v2\/types\/post"}],"author":[{"embeddable":true,"href":"https:\/\/trend-setting.fr\/2a1fr3\/wp-json\/wp\/v2\/users\/17"}],"replies":[{"embeddable":true,"href":"https:\/\/trend-setting.fr\/2a1fr3\/wp-json\/wp\/v2\/comments?post=340"}],"version-history":[{"count":7,"href":"https:\/\/trend-setting.fr\/2a1fr3\/wp-json\/wp\/v2\/posts\/340\/revisions"}],"predecessor-version":[{"id":626,"href":"https:\/\/trend-setting.fr\/2a1fr3\/wp-json\/wp\/v2\/posts\/340\/revisions\/626"}],"wp:attachment":[{"href":"https:\/\/trend-setting.fr\/2a1fr3\/wp-json\/wp\/v2\/media?parent=340"}],"wp:term":[{"taxonomy":"category","embeddable":true,"href":"https:\/\/trend-setting.fr\/2a1fr3\/wp-json\/wp\/v2\/categories?post=340"},{"taxonomy":"post_tag","embeddable":true,"href":"https:\/\/trend-setting.fr\/2a1fr3\/wp-json\/wp\/v2\/tags?post=340"}],"curies":[{"name":"wp","href":"https:\/\/api.w.org\/{rel}","templated":true}]}}